{"id":30395,"date":"2022-05-17T14:05:06","date_gmt":"2022-05-17T14:05:06","guid":{"rendered":"https:\/\/knowhow.distrelec.com\/?p=30395"},"modified":"2022-05-17T14:05:08","modified_gmt":"2022-05-17T14:05:08","slug":"die-zukunft-des-elektroflugs","status":"publish","type":"post","link":"https:\/\/knowhow.distrelec.com\/de\/transportwesen\/die-zukunft-des-elektroflugs\/","title":{"rendered":"Die Zukunft des Elektroflugs"},"content":{"rendered":"\n<p>2019 <a href=\"https:\/\/www.theguardian.com\/business\/2019\/sep\/18\/airbus-forecasts-48000-aircraft-to-be-in-operation-by-2038#:~:text=The%20number%20of%20commercial%20aircraft,will%20continue%20to%20grow%20rapidly.\" target=\"_blank\" rel=\"noreferrer noopener\">prognostizierte <\/a>Airbus, dass sich die Zahl der Flugreisen in den n\u00e4chsten 20 Jahren verdoppeln wird. Da jedoch Elektroflugzeuge kurz vor dem kommerziellen Durchbruch stehen, k\u00f6nnte die Zukunft des Reisens auch ganz anders aussehen.<\/p>\n\n\n\n<p><a href=\"https:\/\/qz.com\/1943592\/electric-airplanes-are-getting-close-to-a-commercial-breakthrough\/\" target=\"_blank\" rel=\"noreferrer noopener\">Berichten <\/a>zufolge k\u00f6nnen Elektroflugzeuge derzeit mit einer einzigen Ladung bis zu 90 Minuten fliegen. Angesichts dieser Tatsache und der Tatsache, dass die <strong>&nbsp;H\u00e4lfte aller Flugstrecken weltweit weniger als 804 Kilometer<\/strong> betragen, gibt es ein <em>enormes<\/em> Potenzial, die Umweltauswirkungen des Fliegens auf unseren Planeten zu verringern.<\/p>\n\n\n\n<p>W\u00e4hrend wir wissen, dass der heutige elektrische Flugverkehr auf kleinere Flugzeuge mit einer Flugdauer von 90 Minuten beschr\u00e4nkt ist, prognostiziert Distrelec auf der Grundlage dieser Daten, wie die Zukunft des kommerziellen Flugverkehrs aussehen k\u00f6nnte. Im Jahr 2020 wurde berichtet, dass der kommerzielle Flugverkehr mit Elektroantrieb kurz vor dem Durchbruch steht, und Sch\u00e4tzungen zufolge wird die Luftfahrtindustrie <strong>im Jahr <\/strong><strong>2025 zu 25 % elektrisch oder hybrid <\/strong>betrieben werden. Dies wird die Emissionen und den CO2-Fu\u00dfabdruck diesen Sektors stark ver\u00e4ndern. Allein im Vereinigten K\u00f6nigreich traten 2019 knapp 40 Milliionen einen Inlandsflug an. Bei durchschnittlichen 67 kg Co2&nbsp; k\u00f6nnten sch\u00e4tzungsweise fast 2,7 Millionen Tonnen CO2 allein bei Inlandsfl\u00fcgen eingespart werden.<\/p>\n\n\n\n<p>Anhand der beliebtesten Kurzstreckenfl\u00fcge in Europa haben wir die Flugrouten ermittelt, die in Zukunft am ehesten auf vollelektrischen Betrieb umgestellt werden k\u00f6nnen.<\/p>\n\n\n\n<figure class=\"wp-block-image size-large\"><img  loading=\"lazy\"  decoding=\"async\"  height=\"279\"  width=\"1024\"  src=\"data:image\/png;base64,iVBORw0KGgoAAAANSUhEUgAABAAAAAEXAQMAAAAJOKREAAAAA1BMVEUAAP+KeNJXAAAAAXRSTlMAQObYZgAAAAlwSFlzAAAOxAAADsQBlSsOGwAAADpJREFUeNrtwTEBAAAAwqD1T20MH6AAAAAAAAAAAAAAAAAAAAAAAAAAAAAAAAAAAAAAAAAAAAAAgLMBjJcAAYYf8kUAAAAASUVORK5CYII=\"  alt=\"\"  class=\"wp-image-30263 pk-lazyload\"  data-pk-sizes=\"auto\"  data-ls-sizes=\"auto, (max-width: 1024px) 100vw, 1024px\"  data-pk-src=\"https:\/\/knowhow.distrelec.com\/wp-content\/uploads\/2022\/05\/electricflights-1024x279.jpg\"  data-pk-srcset=\"https:\/\/knowhow.distrelec.com\/wp-content\/uploads\/2022\/05\/electricflights-1024x279.jpg 1024w, https:\/\/knowhow.distrelec.com\/wp-content\/uploads\/2022\/05\/electricflights-300x82.jpg 300w, https:\/\/knowhow.distrelec.com\/wp-content\/uploads\/2022\/05\/electricflights-768x209.jpg 768w, https:\/\/knowhow.distrelec.com\/wp-content\/uploads\/2022\/05\/electricflights-1536x419.jpg 1536w, https:\/\/knowhow.distrelec.com\/wp-content\/uploads\/2022\/05\/electricflights-2048x559.jpg 2048w, https:\/\/knowhow.distrelec.com\/wp-content\/uploads\/2022\/05\/electricflights-380x104.jpg 380w, https:\/\/knowhow.distrelec.com\/wp-content\/uploads\/2022\/05\/electricflights-550x150.jpg 550w, https:\/\/knowhow.distrelec.com\/wp-content\/uploads\/2022\/05\/electricflights-800x218.jpg 800w, https:\/\/knowhow.distrelec.com\/wp-content\/uploads\/2022\/05\/electricflights-1160x316.jpg 1160w, https:\/\/knowhow.distrelec.com\/wp-content\/uploads\/2022\/05\/electricflights-scaled.jpg 2560w\" ><\/figure>\n\n\n\n<h2 id=\"grossbritannien\" class=\"wp-block-heading\"><strong><strong>Gro\u00dfbritannien<\/strong><\/strong><\/h2>\n\n\n\n<figure class=\"wp-block-image size-large\"><img  loading=\"lazy\"  decoding=\"async\"  height=\"323\"  width=\"1024\"  src=\"data:image\/png;base64,iVBORw0KGgoAAAANSUhEUgAABAAAAAFDAQMAAACeJ+6lAAAAA1BMVEUAAP+KeNJXAAAAAXRSTlMAQObYZgAAAAlwSFlzAAAOxAAADsQBlSsOGwAAAD9JREFUeNrtwTEBAAAAwqD1T20MH6AAAAAAAAAAAAAAAAAAAAAAAAAAAAAAAAAAAAAAAAAAAAAAAAAAAAAAOBuiwwAB23xOkAAAAABJRU5ErkJggg==\"  alt=\"\"  class=\"wp-image-30280 pk-lazyload\"  data-pk-sizes=\"auto\"  data-ls-sizes=\"auto, (max-width: 1024px) 100vw, 1024px\"  data-pk-src=\"https:\/\/knowhow.distrelec.com\/wp-content\/uploads\/2022\/05\/electricflights-uk-1024x323.jpg\"  data-pk-srcset=\"https:\/\/knowhow.distrelec.com\/wp-content\/uploads\/2022\/05\/electricflights-uk-1024x323.jpg 1024w, https:\/\/knowhow.distrelec.com\/wp-content\/uploads\/2022\/05\/electricflights-uk-300x95.jpg 300w, https:\/\/knowhow.distrelec.com\/wp-content\/uploads\/2022\/05\/electricflights-uk-768x243.jpg 768w, https:\/\/knowhow.distrelec.com\/wp-content\/uploads\/2022\/05\/electricflights-uk-1536x485.jpg 1536w, https:\/\/knowhow.distrelec.com\/wp-content\/uploads\/2022\/05\/electricflights-uk-2048x647.jpg 2048w, https:\/\/knowhow.distrelec.com\/wp-content\/uploads\/2022\/05\/electricflights-uk-380x120.jpg 380w, https:\/\/knowhow.distrelec.com\/wp-content\/uploads\/2022\/05\/electricflights-uk-550x174.jpg 550w, https:\/\/knowhow.distrelec.com\/wp-content\/uploads\/2022\/05\/electricflights-uk-800x253.jpg 800w, https:\/\/knowhow.distrelec.com\/wp-content\/uploads\/2022\/05\/electricflights-uk-1160x366.jpg 1160w, https:\/\/knowhow.distrelec.com\/wp-content\/uploads\/2022\/05\/electricflights-uk-scaled.jpg 2560w\" ><\/figure>\n\n\n\n<p>Von den \u00fcber 100 Fl\u00fcgen, die im Rahmen unserer Studie analysiert wurden, starten 24 von verschiedenen Orten im <strong>Vereinigten K\u00f6nigreich<\/strong>. Mit einer Strecke von 122 Kilometern ist der Flug von <strong>&nbsp;Belfast International<\/strong> auf die <strong>&nbsp;Isle of Man<\/strong> der k\u00fcrzeste Inlandsflug. Er dauert im Durchschnitt 38 Minuten und st\u00f6\u00dft 36 kg Co2 pro Person aus. 2019 nutzten <a href=\"https:\/\/www.gov.im\/media\/1365738\/monthly-air-traffic-summary-february-2019.pdf\" target=\"_blank\" rel=\"noreferrer noopener\">19.808 Passagiere<\/a> diesen Flug, was bedeutet, dass durch die Einf\u00fchrung von Elektrofl\u00fcgen unglaubliche 752 Tonnen CO2 eingespart werden k\u00f6nnten.<\/p>\n\n\n\n<p>Zu den l\u00e4ngeren Inlandsfl\u00fcgen im Vereinigten K\u00f6nigreich geh\u00f6ren die Strecken <strong>London Gatwick<\/strong> nach <strong>Edinburgh<\/strong>, <strong>London Gatwick<\/strong> nach <strong>Glasgow<\/strong> und <strong>London Heathrow<\/strong> nach <strong>Aberdeen<\/strong>, wobei der l\u00e4ngste dieser Fl\u00fcge 1 Stunde und 15 Minuten dauert und insgesamt 84 kg CO2 Person ausst\u00f6\u00dft.<\/p>\n\n\n\n<p>Kurztrips von London nach Dublin sind f\u00fcr viele Briten \u00fcblich, wobei die Fl\u00fcge nur etwas mehr als eine Stunde dauern. Die Strecke von <strong>Flughafen Dublin <\/strong>nach <strong>London Heathrow<\/strong> betr\u00e4gt 450 km und kommt daher durchaus f\u00fcr eine zuk\u00fcnftige Umstellung auf Elektrofahrzeuge in Frage.<\/p>\n\n\n\n<p>F\u00fcr die 291 km&nbsp; lange Strecke von <strong>London Southend<\/strong> nach <strong>Amsterdam<\/strong> werden durchschnittlich 50 Minuten ben\u00f6tigt. Damit w\u00e4re die Strecke einer der ersten rein elektrisch betriebenen Fl\u00fcge, der im Vereinigten K\u00f6nigreich startet und au\u00dferhalb des Landes landet. Au\u00dferdem sind drei Fl\u00fcge aus den <strong>Niederlanden<\/strong> enthalten, die alle von <strong>Amsterdam <\/strong>aus starten.<\/p>\n\n\n\n<p>Weitere internationale Fl\u00fcge gehen von<strong> London Heathrow <\/strong>nach <strong>Amsterdam<\/strong>, <strong>Paris<\/strong>,<strong> Antwerpen<\/strong> und <strong>K\u00f6ln<\/strong>. <strong>Antwerpen<\/strong> und<strong> Paris<\/strong> sind beide nur 54 Flugminuten entfernt und sto\u00dfen insgesamt 57 kg CO2 pro Person aus. Mit einer Strecke von 536 km dauert der Flug nach<strong> K\u00f6ln<\/strong> etwas l\u00e4nger, n\u00e4mlich 67 Minuten, und verursacht insgesamt 74 kg CO2 pro Person.<\/p>\n\n\n\n<p>Nicht in unserer Tabelle enthalten ist der Flug von<strong> Westray auf den Orkney-Inseln <\/strong>nach<strong>\u200b\u200b Papa Westray<\/strong>. Bei einer Flugstrecke von knapp unter 3 km betr\u00e4gt die Flugdauer nur 1 Minute, und die Emissionen belaufen sich derzeit auf 4 kg Co2 pro Person. Dieser Flug ist der k\u00fcrzeste kommerzielle Flug der Welt und aufgrund seiner kurzen Strecke und der geringen Anzahl an Passagieren pro Jahr ein idealer Kandidat f\u00fcr den elektrischen Verkehr. Dieser Flug wird haupts\u00e4chlich von den 90 Einwohnern, sowie Fachleuten des Gesundheitswesens und Studenten genutzt, welche die 60 arch\u00e4ologischen St\u00e4tten besuchen.<\/p>\n\n\n\n<h2 id=\"frankreich\" class=\"wp-block-heading\"><strong>Frankreich<\/strong><\/h2>\n\n\n\n<figure class=\"wp-block-image size-large\"><img  loading=\"lazy\"  decoding=\"async\"  height=\"361\"  width=\"1024\"  src=\"data:image\/png;base64,iVBORw0KGgoAAAANSUhEUgAABAAAAAFpAQMAAAA4EMj1AAAAA1BMVEUAAP+KeNJXAAAAAXRSTlMAQObYZgAAAAlwSFlzAAAOxAAADsQBlSsOGwAAAERJREFUeNrtwTEBAAAAwqD1T20MH6AAAAAAAAAAAAAAAAAAAAAAAAAAAAAAAAAAAAAAAAAAAAAAAAAAAAAAAAAAAADOBrXpAAG0MnTLAAAAAElFTkSuQmCC\"  alt=\"\"  class=\"wp-image-30297 pk-lazyload\"  data-pk-sizes=\"auto\"  data-ls-sizes=\"auto, (max-width: 1024px) 100vw, 1024px\"  data-pk-src=\"https:\/\/knowhow.distrelec.com\/wp-content\/uploads\/2022\/05\/electricflights-france-1024x361.jpg\"  data-pk-srcset=\"https:\/\/knowhow.distrelec.com\/wp-content\/uploads\/2022\/05\/electricflights-france-1024x361.jpg 1024w, https:\/\/knowhow.distrelec.com\/wp-content\/uploads\/2022\/05\/electricflights-france-300x106.jpg 300w, https:\/\/knowhow.distrelec.com\/wp-content\/uploads\/2022\/05\/electricflights-france-768x271.jpg 768w, https:\/\/knowhow.distrelec.com\/wp-content\/uploads\/2022\/05\/electricflights-france-1536x542.jpg 1536w, https:\/\/knowhow.distrelec.com\/wp-content\/uploads\/2022\/05\/electricflights-france-2048x723.jpg 2048w, https:\/\/knowhow.distrelec.com\/wp-content\/uploads\/2022\/05\/electricflights-france-380x134.jpg 380w, https:\/\/knowhow.distrelec.com\/wp-content\/uploads\/2022\/05\/electricflights-france-550x194.jpg 550w, https:\/\/knowhow.distrelec.com\/wp-content\/uploads\/2022\/05\/electricflights-france-800x282.jpg 800w, https:\/\/knowhow.distrelec.com\/wp-content\/uploads\/2022\/05\/electricflights-france-1160x409.jpg 1160w, https:\/\/knowhow.distrelec.com\/wp-content\/uploads\/2022\/05\/electricflights-france-scaled.jpg 2560w\" ><\/figure>\n\n\n\n<p>Aura Aero, ein in Toulouse ans\u00e4ssiges Luft- und Raumfahrtunternehmen, hat vor kurzem einen Entwicklungsplan f\u00fcr ein Elektroflugzeug mit 19 Sitzen <a href=\"https:\/\/www.flightglobal.com\/aerospace\/frances-aura-aero-unveils-19-seat-electric-aircraft-development-plan\/142991.article\" target=\"_blank\" rel=\"noreferrer noopener\">vorgestellt<\/a>, um eine &#8222;<em>Koalition von Fluggesellschaften und Flugh\u00e4fen f\u00fcr einen kohlenstoffarmen Luftverkehr<\/em>&#8220; zu schaffen. Bei der Untersuchung der beliebtesten Kurzstreckenfl\u00fcge im ganzen Land konnten wir 36 Inlandsfl\u00fcge ausfindig machen, die als erstes f\u00fcr die Umstellung auf den Elektroflug in Frankreich in Frage kommen.<\/p>\n\n\n\n<p>Der k\u00fcrzeste Flug ist der von <strong>Lyon<\/strong> nach <strong>Marseille<\/strong>. Bei einer Gesamtstrecke von 254 km dauert die Reise etwa 47 Minuten und verursacht w\u00e4hrend der gesamten Flugdauer einen durchschnittlichen CO2-Aussto\u00df von 48 kg pro Person. Geht man davon aus, dass alle 148 Passagiersitze auf einem Air-France-Flug bei insgesamt <a href=\"https:\/\/marseilleairportguide.com\/statistics\/\" target=\"_blank\" rel=\"noreferrer noopener\">171 Fl\u00fcgen <\/a>besetzt sind, dann k\u00f6nnten durch die Elektrifizierung dieses Fluges sage und schreibe 1 200 Tonnen CO2 eingespart werden. Eine weitere beliebte Strecke innerhalb der 804 km ist die von<strong> Lyon<\/strong> nach <strong>Toulouse<\/strong> mit 376 km.<\/p>\n\n\n\n<p>Zehn Fl\u00fcge unserer Studie starten vom gr\u00f6\u00dften internationalen Flughafen Frankreichs, <strong>Paris Charles de Gaulle (CDG)<\/strong>, und landen in St\u00e4dten wie<strong> Rennes<\/strong>,<strong> Nantes<\/strong>, <strong>Lyon<\/strong>, <strong>Bordeaux<\/strong> und <strong>Marseille <\/strong>mit Flugstrecken zwischen 333 und 692 km. Allerdings ergreift Frankreich noch vor der Elektrifizierung von Inlandsfl\u00fcgen Ma\u00dfnahmen um den CO2-Aussto\u00df von Inlandsfl\u00fcgen zu reduzieren. So werden zum Beispiel kurze Inlandsfl\u00fcge verboten, wenn es eine alternative Zugverbindung gibt<\/p>\n\n\n\n<h2 id=\"spanien\" class=\"wp-block-heading\"><strong><strong>Spanien<\/strong><\/strong><\/h2>\n\n\n\n<figure class=\"wp-block-image size-large\"><img  loading=\"lazy\"  decoding=\"async\"  height=\"361\"  width=\"1024\"  src=\"data:image\/png;base64,iVBORw0KGgoAAAANSUhEUgAABAAAAAFpAQMAAAA4EMj1AAAAA1BMVEUAAP+KeNJXAAAAAXRSTlMAQObYZgAAAAlwSFlzAAAOxAAADsQBlSsOGwAAAERJREFUeNrtwTEBAAAAwqD1T20MH6AAAAAAAAAAAAAAAAAAAAAAAAAAAAAAAAAAAAAAAAAAAAAAAAAAAAAAAAAAAADOBrXpAAG0MnTLAAAAAElFTkSuQmCC\"  alt=\"\"  class=\"wp-image-30314 pk-lazyload\"  data-pk-sizes=\"auto\"  data-ls-sizes=\"auto, (max-width: 1024px) 100vw, 1024px\"  data-pk-src=\"https:\/\/knowhow.distrelec.com\/wp-content\/uploads\/2022\/05\/electricflights-spain-1024x361.jpg\"  data-pk-srcset=\"https:\/\/knowhow.distrelec.com\/wp-content\/uploads\/2022\/05\/electricflights-spain-1024x361.jpg 1024w, https:\/\/knowhow.distrelec.com\/wp-content\/uploads\/2022\/05\/electricflights-spain-300x106.jpg 300w, https:\/\/knowhow.distrelec.com\/wp-content\/uploads\/2022\/05\/electricflights-spain-768x271.jpg 768w, https:\/\/knowhow.distrelec.com\/wp-content\/uploads\/2022\/05\/electricflights-spain-1536x542.jpg 1536w, https:\/\/knowhow.distrelec.com\/wp-content\/uploads\/2022\/05\/electricflights-spain-2048x723.jpg 2048w, https:\/\/knowhow.distrelec.com\/wp-content\/uploads\/2022\/05\/electricflights-spain-380x134.jpg 380w, https:\/\/knowhow.distrelec.com\/wp-content\/uploads\/2022\/05\/electricflights-spain-550x194.jpg 550w, https:\/\/knowhow.distrelec.com\/wp-content\/uploads\/2022\/05\/electricflights-spain-800x282.jpg 800w, https:\/\/knowhow.distrelec.com\/wp-content\/uploads\/2022\/05\/electricflights-spain-1160x409.jpg 1160w, https:\/\/knowhow.distrelec.com\/wp-content\/uploads\/2022\/05\/electricflights-spain-scaled.jpg 2560w\" ><\/figure>\n\n\n\n<p>Das deutsche Luft-und Raumfahrtunternehmen Lilium GmbH, das den eVTOL-Jet hergestellt hat, gab im April <a href=\"https:\/\/lilium.com\/newsroom-detail\/lilium-begins-flight-testing-in-spain\" target=\"_blank\" rel=\"noreferrer noopener\">bekannt<\/a>, dass esTestfl\u00fcge mit dem Pheonix 2 in <strong>Spanien<\/strong> begonnen hat. Im Rahmen unserer Studie wurden 9 potenzielle Fl\u00fcge aus Gebieten wie<strong> Gran Canaria<\/strong>, <strong>Menorca<\/strong>, <strong>Ibiza<\/strong>, <strong>Barcelona<\/strong>, <strong>Malaga<\/strong> und <strong>Madrid<\/strong> erfasst, da sie innerhalb der 804 km liegen und somit zu den Strecken geh\u00f6ren, die am ehesten elektrisch betrieben werden k\u00f6nnen.<\/p>\n\n\n\n<h2 id=\"deutschland\" class=\"wp-block-heading\"><strong><strong>Deutschland<\/strong><\/strong><\/h2>\n\n\n\n<figure class=\"wp-block-image size-large\"><img  loading=\"lazy\"  decoding=\"async\"  height=\"372\"  width=\"1024\"  src=\"data:image\/png;base64,iVBORw0KGgoAAAANSUhEUgAABAAAAAF0AQMAAACHWNmwAAAAA1BMVEUAAP+KeNJXAAAAAXRSTlMAQObYZgAAAAlwSFlzAAAOxAAADsQBlSsOGwAAAERJREFUeNrtwQEBAAAAgiD\/r25IQAEAAAAAAAAAAAAAAAAAAAAAAAAAAAAAAAAAAAAAAAAAAAAAAAAAAAAAAAAAAADwbrt0AAGQTCnhAAAAAElFTkSuQmCC\"  alt=\"\"  class=\"wp-image-30331 pk-lazyload\"  data-pk-sizes=\"auto\"  data-ls-sizes=\"auto, (max-width: 1024px) 100vw, 1024px\"  data-pk-src=\"https:\/\/knowhow.distrelec.com\/wp-content\/uploads\/2022\/05\/electricflights-germany-1024x372.jpg\"  data-pk-srcset=\"https:\/\/knowhow.distrelec.com\/wp-content\/uploads\/2022\/05\/electricflights-germany-1024x372.jpg 1024w, https:\/\/knowhow.distrelec.com\/wp-content\/uploads\/2022\/05\/electricflights-germany-300x109.jpg 300w, https:\/\/knowhow.distrelec.com\/wp-content\/uploads\/2022\/05\/electricflights-germany-768x279.jpg 768w, https:\/\/knowhow.distrelec.com\/wp-content\/uploads\/2022\/05\/electricflights-germany-1536x559.jpg 1536w, https:\/\/knowhow.distrelec.com\/wp-content\/uploads\/2022\/05\/electricflights-germany-2048x745.jpg 2048w, https:\/\/knowhow.distrelec.com\/wp-content\/uploads\/2022\/05\/electricflights-germany-380x138.jpg 380w, https:\/\/knowhow.distrelec.com\/wp-content\/uploads\/2022\/05\/electricflights-germany-550x200.jpg 550w, https:\/\/knowhow.distrelec.com\/wp-content\/uploads\/2022\/05\/electricflights-germany-800x291.jpg 800w, https:\/\/knowhow.distrelec.com\/wp-content\/uploads\/2022\/05\/electricflights-germany-1160x422.jpg 1160w, https:\/\/knowhow.distrelec.com\/wp-content\/uploads\/2022\/05\/electricflights-germany-scaled.jpg 2560w\" ><\/figure>\n\n\n\n<p>Im Mai gab Airbus in einer<a href=\"https:\/\/www.airbus.com\/en\/newsroom\/press-releases\/2022-05-airbus-lays-the-foundations-for-future-urban-air-mobility-in\" target=\"_blank\" rel=\"noreferrer noopener\"> Pressemitteilung<\/a> die Gr\u00fcndung der Air Mobility Initiative (AMI) bekannt, eine Bewegung, die einen Beitrag zur Entwicklung fortschrittlicher Luftmobilit\u00e4t leisten soll. Neben Airbus ist die Stadt Ingolstadt, die Deutsche Bahn, die Deutsche Flugsicherung, Diehl Aerospace, Droniq, der Flughafen M\u00fcnchen, das Rote Kreuz und die Telekom beteiligt, wobei die Initiative vom Bund unterst\u00fctzt wird<\/p>\n\n\n\n<p>Die meisten Fl\u00fcge aus <strong>Deutschland<\/strong>, die in unserer Studie ber\u00fccksichtigt wurden, starten in <strong>Frankfurt<\/strong> und<strong> M\u00fcnchen<\/strong>, mit Entfernungen zwischen 138 und 800 km. Zu den l\u00e4ngsten Fl\u00fcgen, die f\u00fcr die elektrische Luftfahrt in Betracht gezogen wurden, geh\u00f6rte die Strecke von <strong>Frankfurt<\/strong> nach <strong>London Heathrow<\/strong>, die im Durchschnitt 1 Stunde und 16 Minuten dauert und bei der derzeit 85 kg CO2 pro Person ausgesto\u00dfen&nbsp; werden.<\/p>\n\n\n\n<p>Die innerdeutschen Flugstrecken geh\u00f6ren zu den verkehrsreichsten innerhalb Deutschlands, wobei die Strecke <strong>Frankfurt<\/strong> &#8211; <strong>Berlin Tegel <\/strong>die verkehrsreichste ist. J\u00e4hrlich nutzen etwa <a href=\"https:\/\/www.alternativeairlines.com\/domestic-flights-germany\" target=\"_blank\" rel=\"noreferrer noopener\">2 Mio. Menschen <\/a>diesen Flug, was einer Einsparung von fast 150.000 Tonnen CO2 entsprechen w\u00fcrde.<\/p>\n\n\n\n<p>&nbsp;Mit einer Strecke von 145 km und einer Dauer von 40 Minuten ist der Flug von<strong> Stuttgart<\/strong> nach <strong>Z\u00fcrich<\/strong> der einzige in unserer Studie, der nicht in M\u00fcnchen oder Frankfurt startet.<\/p>\n\n\n\n<h2 id=\"italien\" class=\"wp-block-heading\"><strong>Italien<\/strong><\/h2>\n\n\n\n<p>Nur drei Fl\u00fcge, die in <strong>Italien<\/strong> starten, lagen innerhalb der 804-Kilometer-Grenze, darunter <strong>Comiso<\/strong> nach <strong>Malta<\/strong>, <strong>Catania<\/strong> nach <strong>&nbsp;Malta<\/strong> und<strong> Mailand Malpensa<\/strong> nach <strong>Z\u00fcrich<\/strong>. Diese Flugstrecken reichen von 116 bis 204 Kilometer, wobei der l\u00e4ngste 44 kg Co2 pro Person ausst\u00f6\u00dft.<\/p>\n\n\n\n<h2 id=\"weitere-fluege-innerhalb-europas\" class=\"wp-block-heading\"><strong>Weitere Fl\u00fcge innerhalb Europas<\/strong><\/h2>\n\n\n\n<p>Sowohl <a href=\"https:\/\/www.bbc.co.uk\/news\/world-europe-59849898\" target=\"_blank\" rel=\"noreferrer noopener\">D\u00e4nemark<\/a> als auch <a href=\"https:\/\/fossilfrittsverige.se\/en\/roadmap\/the-aviation-industry\/\" target=\"_blank\" rel=\"noreferrer noopener\">Schweden<\/a> haben k\u00fcrzlich Pl\u00e4ne angek\u00fcndigt, bis 2030 alle Inlandsfl\u00fcge ohne fossile Brennstoffe durchzuf\u00fchren. Unsere Ergebnisse zeigen, dass drei Fl\u00fcge von <strong>Stockholm<\/strong> nach <strong>Oslo<\/strong>, <strong>Helsinki<\/strong> und <strong>Kopenhagen<\/strong> alle innerhalb der 804-Kilometer-Grenze f\u00fcr einen Elektroflug liegen, w\u00e4hrend in D\u00e4nemark die148-Kilometer-Strecke von <strong>Aarhus <\/strong>nach <strong>Kopenhagen <\/strong>ebenfalls f\u00fcr eine Elektrifizierung in Frage kommen k\u00f6nnte.<\/p>\n\n\n\n<h2 id=\"warum-ist-die-elektrische-luftfahrt-auf-dem-vormarsch\" class=\"wp-block-heading\"><strong>Warum ist die elektrische Luftfahrt auf dem Vormarsch?<\/strong><\/h2>\n\n\n\n<p>Die Luftfahrt beugt sich dem &#8222;unvermeidlichern Wandel&#8220;&nbsp; und wird voraussichtlich in die Fu\u00dfstapfen der Automobilindustrie treten und auf batteriebetriebene Elektrizit\u00e4t anstelle von Kraftstoffalternativen setzen.<\/p>\n\n\n\n<p>Nach <a href=\"https:\/\/www.statista.com\/statistics\/1186820\/co2-emissions-commercial-aviation-worldwide\/\" target=\"_blank\" rel=\"noreferrer noopener\">Angaben<\/a> von Statista sind die CO2-Emissionen des kommerziellen Luftverkehrs im Jahr 2020 mit 495 Millionen Tonnen im Vergleich zu den 936 Millionen Tonnen vor der Pandemie deutlich zur\u00fcckgegangen. Im Mai 2022 wird diese Zahl jedoch die f\u00fcr 2020 und 2021 gemeldeten Zahlen \u00fcbertreffen und auf voraussichtlich 671 Millionen Tonnen&nbsp; CO2 von Fl\u00fcgen allein in diesem Jahr ansteigen.<\/p>\n\n\n\n<p>Die Vereinten Nationen k\u00fcndigten im Oktober 2020 an, dass die Netto-Null-Emissionen bis zum Jahr 2050 erreicht werden sollen. Darafhin unterzeichneten Fluggesellschaften aus Europa und dem Rest der Welt eine Vereinbarung, um dieses Ziel zu erreichen. Laut einem <a href=\"https:\/\/www.forbes.com\/sites\/uhenergy\/2021\/07\/12\/time-to-clean-the-skies-electric-planes-have-arrived\/?sh=72f1e8a9734a\" target=\"_blank\" rel=\"noreferrer noopener\">Artikel <\/a>&nbsp;von Forbes sch\u00e4tzt der amerikanische Luftfahrtunternehmenshersteller Boeing, dass bei der derzeitigen technologischen Entwicklung kleinere Elektroflugzeuge bereits ab 2030 verf\u00fcgbar sein k\u00f6nnten.<\/p>\n\n\n\n<p>&#8212;&#8212;&#8212;&#8212;&#8212;&#8212;&#8212;&#8212;&#8212;&#8212;&#8212;&#8212;&#8212;&#8212;&#8212;&#8212;&#8212;&#8212;&#8212;&#8212;&#8212;&#8212;&#8212;&#8212;&#8212;&#8212;&#8212;&#8212;&#8212;&#8212;&#8212;&#8212;&#8212;&#8212;&#8212;&#8212;&#8212;&#8212;&#8212;&#8212;&#8212;<\/p>\n\n\n\n<p><strong>Quellen<\/strong><strong><\/strong><\/p>\n\n\n\n<p>Die Flugdaten wurden dem offiziellen Airline-F\u00fchrer<a href=\"https:\/\/www.oag.com\/\">OAG<\/a> (Official Airline Guide) entnommen und f\u00fcr die Berechnung der jeweiligen Flugstrecken und Emissionsdaten wurde der <a href=\"https:\/\/www.airmilescalculator.com\/\" target=\"_blank\" rel=\"noreferrer noopener\">Air Miles Calculator<\/a>verwendet. Die Quelle f\u00fcr die Reichweite von elektrischen Fl\u00fcge basiert auf dem <a href=\"https:\/\/www.pipistrel-aircraft.com\/aircraft\/electric-flight\/alpha-electro\/#tab-id-2\" target=\"_blank\" rel=\"noreferrer noopener\">Pipstrel Alpha Electro<\/a>.<\/p>\n","protected":false},"excerpt":{"rendered":"2019 prognostizierte Airbus, dass sich die Zahl der Flugreisen in den n\u00e4chsten 20 Jahren verdoppeln wird. Da jedoch&hellip;\n","protected":false},"author":20,"featured_media":34628,"comment_status":"closed","ping_status":"closed","sticky":false,"template":"","format":"standard","meta":{"csco_singular_sidebar":"","csco_page_header_type":"","csco_appearance_grid":"","csco_page_load_nextpost":"","csco_post_video_location":[],"csco_post_video_location_hash":"","csco_post_video_url":"","csco_post_video_bg_start_time":0,"csco_post_video_bg_end_time":0,"_jetpack_memberships_contains_paid_content":false,"footnotes":""},"categories":[177,167],"tags":[],"coauthors":[],"class_list":{"0":"post-30395","1":"post","2":"type-post","3":"status-publish","4":"format-standard","5":"has-post-thumbnail","7":"category-transportwesen","8":"category-wehrtechnik-luft-und-raumfahrt-marine","9":"cs-entry","10":"cs-video-wrap"},"yoast_head":"<!-- This site is optimized with the Yoast SEO plugin v24.4 - https:\/\/yoast.com\/wordpress\/plugins\/seo\/ -->\n<title>Die Zukunft des Elektroflugs - KnowHow<\/title>\n<meta name=\"robots\" content=\"index, follow, max-snippet:-1, max-image-preview:large, max-video-preview:-1\" \/>\n<link rel=\"canonical\" href=\"https:\/\/knowhow.distrelec.com\/de\/transportwesen\/die-zukunft-des-elektroflugs\/\" \/>\n<meta property=\"og:locale\" content=\"de_DE\" \/>\n<meta property=\"og:type\" content=\"article\" \/>\n<meta property=\"og:title\" content=\"Die Zukunft des Elektroflugs - KnowHow\" \/>\n<meta property=\"og:description\" content=\"2019 prognostizierte Airbus, dass sich die Zahl der Flugreisen in den n\u00e4chsten 20 Jahren verdoppeln wird. Da jedoch&hellip;\" \/>\n<meta property=\"og:url\" content=\"https:\/\/knowhow.distrelec.com\/de\/transportwesen\/die-zukunft-des-elektroflugs\/\" \/>\n<meta property=\"og:site_name\" content=\"KnowHow\" \/>\n<meta property=\"article:published_time\" content=\"2022-05-17T14:05:06+00:00\" \/>\n<meta property=\"article:modified_time\" content=\"2022-05-17T14:05:08+00:00\" \/>\n<meta property=\"og:image\" content=\"https:\/\/knowhow.distrelec.com\/wp-content\/uploads\/2022\/05\/electric-airplane.jpg\" \/>\n\t<meta property=\"og:image:width\" content=\"2000\" \/>\n\t<meta property=\"og:image:height\" content=\"800\" \/>\n\t<meta property=\"og:image:type\" content=\"image\/jpeg\" \/>\n<meta name=\"author\" content=\"Adam Jeffery\" \/>\n<meta name=\"twitter:card\" content=\"summary_large_image\" \/>\n<meta name=\"twitter:label1\" content=\"Verfasst von\" \/>\n\t<meta name=\"twitter:data1\" content=\"Adam Jeffery\" \/>\n\t<meta name=\"twitter:label2\" content=\"Gesch\u00e4tzte Lesezeit\" \/>\n\t<meta name=\"twitter:data2\" content=\"7 Minuten\" \/>\n\t<meta name=\"twitter:label3\" content=\"Written by\" \/>\n\t<meta name=\"twitter:data3\" content=\"Adam Jeffery\" \/>\n<script type=\"application\/ld+json\" class=\"yoast-schema-graph\">{\"@context\":\"https:\/\/schema.org\",\"@graph\":[{\"@type\":\"Article\",\"@id\":\"https:\/\/knowhow.distrelec.com\/de\/transportwesen\/die-zukunft-des-elektroflugs\/#article\",\"isPartOf\":{\"@id\":\"https:\/\/knowhow.distrelec.com\/de\/transportwesen\/die-zukunft-des-elektroflugs\/\"},\"author\":{\"name\":\"Adam Jeffery\",\"@id\":\"https:\/\/knowhow.distrelec.com\/de\/#\/schema\/person\/f1ffd06a060e93941ce344f4f34c284e\"},\"headline\":\"Die Zukunft des Elektroflugs\",\"datePublished\":\"2022-05-17T14:05:06+00:00\",\"dateModified\":\"2022-05-17T14:05:08+00:00\",\"mainEntityOfPage\":{\"@id\":\"https:\/\/knowhow.distrelec.com\/de\/transportwesen\/die-zukunft-des-elektroflugs\/\"},\"wordCount\":1392,\"publisher\":{\"@id\":\"https:\/\/knowhow.distrelec.com\/de\/#organization\"},\"image\":{\"@id\":\"https:\/\/knowhow.distrelec.com\/de\/transportwesen\/die-zukunft-des-elektroflugs\/#primaryimage\"},\"thumbnailUrl\":\"https:\/\/knowhow.distrelec.com\/wp-content\/uploads\/2022\/05\/2227-SocialAd-1.gif\",\"articleSection\":[\"Transportwesen\",\"Wehrtechnik, Luft- und Raumfahrt &amp; Marine\"],\"inLanguage\":\"de-DE\"},{\"@type\":\"WebPage\",\"@id\":\"https:\/\/knowhow.distrelec.com\/de\/transportwesen\/die-zukunft-des-elektroflugs\/\",\"url\":\"https:\/\/knowhow.distrelec.com\/de\/transportwesen\/die-zukunft-des-elektroflugs\/\",\"name\":\"Die Zukunft des Elektroflugs - KnowHow\",\"isPartOf\":{\"@id\":\"https:\/\/knowhow.distrelec.com\/de\/#website\"},\"primaryImageOfPage\":{\"@id\":\"https:\/\/knowhow.distrelec.com\/de\/transportwesen\/die-zukunft-des-elektroflugs\/#primaryimage\"},\"image\":{\"@id\":\"https:\/\/knowhow.distrelec.com\/de\/transportwesen\/die-zukunft-des-elektroflugs\/#primaryimage\"},\"thumbnailUrl\":\"https:\/\/knowhow.distrelec.com\/wp-content\/uploads\/2022\/05\/2227-SocialAd-1.gif\",\"datePublished\":\"2022-05-17T14:05:06+00:00\",\"dateModified\":\"2022-05-17T14:05:08+00:00\",\"breadcrumb\":{\"@id\":\"https:\/\/knowhow.distrelec.com\/de\/transportwesen\/die-zukunft-des-elektroflugs\/#breadcrumb\"},\"inLanguage\":\"de-DE\",\"potentialAction\":[{\"@type\":\"ReadAction\",\"target\":[\"https:\/\/knowhow.distrelec.com\/de\/transportwesen\/die-zukunft-des-elektroflugs\/\"]}]},{\"@type\":\"ImageObject\",\"inLanguage\":\"de-DE\",\"@id\":\"https:\/\/knowhow.distrelec.com\/de\/transportwesen\/die-zukunft-des-elektroflugs\/#primaryimage\",\"url\":\"https:\/\/knowhow.distrelec.com\/wp-content\/uploads\/2022\/05\/2227-SocialAd-1.gif\",\"contentUrl\":\"https:\/\/knowhow.distrelec.com\/wp-content\/uploads\/2022\/05\/2227-SocialAd-1.gif\",\"width\":1200,\"height\":628},{\"@type\":\"BreadcrumbList\",\"@id\":\"https:\/\/knowhow.distrelec.com\/de\/transportwesen\/die-zukunft-des-elektroflugs\/#breadcrumb\",\"itemListElement\":[{\"@type\":\"ListItem\",\"position\":1,\"name\":\"Startseite\",\"item\":\"https:\/\/knowhow.distrelec.com\/de\/\"},{\"@type\":\"ListItem\",\"position\":2,\"name\":\"Die Zukunft des Elektroflugs\"}]},{\"@type\":\"WebSite\",\"@id\":\"https:\/\/knowhow.distrelec.com\/de\/#website\",\"url\":\"https:\/\/knowhow.distrelec.com\/de\/\",\"name\":\"KnowHow\",\"description\":\"KnowHow Hub\",\"publisher\":{\"@id\":\"https:\/\/knowhow.distrelec.com\/de\/#organization\"},\"potentialAction\":[{\"@type\":\"SearchAction\",\"target\":{\"@type\":\"EntryPoint\",\"urlTemplate\":\"https:\/\/knowhow.distrelec.com\/de\/?s={search_term_string}\"},\"query-input\":{\"@type\":\"PropertyValueSpecification\",\"valueRequired\":true,\"valueName\":\"search_term_string\"}}],\"inLanguage\":\"de-DE\"},{\"@type\":\"Organization\",\"@id\":\"https:\/\/knowhow.distrelec.com\/de\/#organization\",\"name\":\"Distrelec\",\"url\":\"https:\/\/knowhow.distrelec.com\/de\/\",\"logo\":{\"@type\":\"ImageObject\",\"inLanguage\":\"de-DE\",\"@id\":\"https:\/\/knowhow.distrelec.com\/de\/#\/schema\/logo\/image\/\",\"url\":\"https:\/\/knowhow.distrelec.com\/wp-content\/uploads\/2021\/09\/distrelec_logo.png\",\"contentUrl\":\"https:\/\/knowhow.distrelec.com\/wp-content\/uploads\/2021\/09\/distrelec_logo.png\",\"width\":530,\"height\":98,\"caption\":\"Distrelec\"},\"image\":{\"@id\":\"https:\/\/knowhow.distrelec.com\/de\/#\/schema\/logo\/image\/\"}},{\"@type\":\"Person\",\"@id\":\"https:\/\/knowhow.distrelec.com\/de\/#\/schema\/person\/f1ffd06a060e93941ce344f4f34c284e\",\"name\":\"Adam Jeffery\",\"image\":{\"@type\":\"ImageObject\",\"inLanguage\":\"de-DE\",\"@id\":\"https:\/\/knowhow.distrelec.com\/de\/#\/schema\/person\/image\/0ba7f2eef4c6181d4a2e20f83e383b02\",\"url\":\"https:\/\/knowhow.distrelec.com\/wp-content\/uploads\/2021\/06\/Adamshot-96x96.jpg\",\"contentUrl\":\"https:\/\/knowhow.distrelec.com\/wp-content\/uploads\/2021\/06\/Adamshot-96x96.jpg\",\"caption\":\"Adam Jeffery\"},\"description\":\"Adam Jeffery is a Senior Product Manager for Power Supplies and Semiconductors at Distrelec. Adam has over 10 years\u2019 industry experience and is dedicated to connecting engineers and professionals with the most innovative products available on the market. Passionate about technological progress, Adam helps customers enhance their applications by offering high-quality, cutting-edge components and power supplies from market leading brands.\",\"sameAs\":[\"http:\/\/www.distrelec.com\",\"https:\/\/uk.linkedin.com\/in\/adam-jeffery-b6510577\"],\"url\":\"https:\/\/knowhow.distrelec.com\/de\/author\/adam-jeffery\/\"}]}<\/script>\n<!-- \/ Yoast SEO plugin. -->","yoast_head_json":{"title":"Die Zukunft des Elektroflugs - KnowHow","robots":{"index":"index","follow":"follow","max-snippet":"max-snippet:-1","max-image-preview":"max-image-preview:large","max-video-preview":"max-video-preview:-1"},"canonical":"https:\/\/knowhow.distrelec.com\/de\/transportwesen\/die-zukunft-des-elektroflugs\/","og_locale":"de_DE","og_type":"article","og_title":"Die Zukunft des Elektroflugs - KnowHow","og_description":"2019 prognostizierte Airbus, dass sich die Zahl der Flugreisen in den n\u00e4chsten 20 Jahren verdoppeln wird. Da jedoch&hellip;","og_url":"https:\/\/knowhow.distrelec.com\/de\/transportwesen\/die-zukunft-des-elektroflugs\/","og_site_name":"KnowHow","article_published_time":"2022-05-17T14:05:06+00:00","article_modified_time":"2022-05-17T14:05:08+00:00","og_image":[{"width":2000,"height":800,"url":"https:\/\/knowhow.distrelec.com\/wp-content\/uploads\/2022\/05\/electric-airplane.jpg","type":"image\/jpeg"}],"author":"Adam Jeffery","twitter_card":"summary_large_image","twitter_misc":{"Verfasst von":"Adam Jeffery","Gesch\u00e4tzte Lesezeit":"7 Minuten","Written by":"Adam Jeffery"},"schema":{"@context":"https:\/\/schema.org","@graph":[{"@type":"Article","@id":"https:\/\/knowhow.distrelec.com\/de\/transportwesen\/die-zukunft-des-elektroflugs\/#article","isPartOf":{"@id":"https:\/\/knowhow.distrelec.com\/de\/transportwesen\/die-zukunft-des-elektroflugs\/"},"author":{"name":"Adam Jeffery","@id":"https:\/\/knowhow.distrelec.com\/de\/#\/schema\/person\/f1ffd06a060e93941ce344f4f34c284e"},"headline":"Die Zukunft des Elektroflugs","datePublished":"2022-05-17T14:05:06+00:00","dateModified":"2022-05-17T14:05:08+00:00","mainEntityOfPage":{"@id":"https:\/\/knowhow.distrelec.com\/de\/transportwesen\/die-zukunft-des-elektroflugs\/"},"wordCount":1392,"publisher":{"@id":"https:\/\/knowhow.distrelec.com\/de\/#organization"},"image":{"@id":"https:\/\/knowhow.distrelec.com\/de\/transportwesen\/die-zukunft-des-elektroflugs\/#primaryimage"},"thumbnailUrl":"https:\/\/knowhow.distrelec.com\/wp-content\/uploads\/2022\/05\/2227-SocialAd-1.gif","articleSection":["Transportwesen","Wehrtechnik, Luft- und Raumfahrt &amp; Marine"],"inLanguage":"de-DE"},{"@type":"WebPage","@id":"https:\/\/knowhow.distrelec.com\/de\/transportwesen\/die-zukunft-des-elektroflugs\/","url":"https:\/\/knowhow.distrelec.com\/de\/transportwesen\/die-zukunft-des-elektroflugs\/","name":"Die Zukunft des Elektroflugs - KnowHow","isPartOf":{"@id":"https:\/\/knowhow.distrelec.com\/de\/#website"},"primaryImageOfPage":{"@id":"https:\/\/knowhow.distrelec.com\/de\/transportwesen\/die-zukunft-des-elektroflugs\/#primaryimage"},"image":{"@id":"https:\/\/knowhow.distrelec.com\/de\/transportwesen\/die-zukunft-des-elektroflugs\/#primaryimage"},"thumbnailUrl":"https:\/\/knowhow.distrelec.com\/wp-content\/uploads\/2022\/05\/2227-SocialAd-1.gif","datePublished":"2022-05-17T14:05:06+00:00","dateModified":"2022-05-17T14:05:08+00:00","breadcrumb":{"@id":"https:\/\/knowhow.distrelec.com\/de\/transportwesen\/die-zukunft-des-elektroflugs\/#breadcrumb"},"inLanguage":"de-DE","potentialAction":[{"@type":"ReadAction","target":["https:\/\/knowhow.distrelec.com\/de\/transportwesen\/die-zukunft-des-elektroflugs\/"]}]},{"@type":"ImageObject","inLanguage":"de-DE","@id":"https:\/\/knowhow.distrelec.com\/de\/transportwesen\/die-zukunft-des-elektroflugs\/#primaryimage","url":"https:\/\/knowhow.distrelec.com\/wp-content\/uploads\/2022\/05\/2227-SocialAd-1.gif","contentUrl":"https:\/\/knowhow.distrelec.com\/wp-content\/uploads\/2022\/05\/2227-SocialAd-1.gif","width":1200,"height":628},{"@type":"BreadcrumbList","@id":"https:\/\/knowhow.distrelec.com\/de\/transportwesen\/die-zukunft-des-elektroflugs\/#breadcrumb","itemListElement":[{"@type":"ListItem","position":1,"name":"Startseite","item":"https:\/\/knowhow.distrelec.com\/de\/"},{"@type":"ListItem","position":2,"name":"Die Zukunft des Elektroflugs"}]},{"@type":"WebSite","@id":"https:\/\/knowhow.distrelec.com\/de\/#website","url":"https:\/\/knowhow.distrelec.com\/de\/","name":"KnowHow","description":"KnowHow Hub","publisher":{"@id":"https:\/\/knowhow.distrelec.com\/de\/#organization"},"potentialAction":[{"@type":"SearchAction","target":{"@type":"EntryPoint","urlTemplate":"https:\/\/knowhow.distrelec.com\/de\/?s={search_term_string}"},"query-input":{"@type":"PropertyValueSpecification","valueRequired":true,"valueName":"search_term_string"}}],"inLanguage":"de-DE"},{"@type":"Organization","@id":"https:\/\/knowhow.distrelec.com\/de\/#organization","name":"Distrelec","url":"https:\/\/knowhow.distrelec.com\/de\/","logo":{"@type":"ImageObject","inLanguage":"de-DE","@id":"https:\/\/knowhow.distrelec.com\/de\/#\/schema\/logo\/image\/","url":"https:\/\/knowhow.distrelec.com\/wp-content\/uploads\/2021\/09\/distrelec_logo.png","contentUrl":"https:\/\/knowhow.distrelec.com\/wp-content\/uploads\/2021\/09\/distrelec_logo.png","width":530,"height":98,"caption":"Distrelec"},"image":{"@id":"https:\/\/knowhow.distrelec.com\/de\/#\/schema\/logo\/image\/"}},{"@type":"Person","@id":"https:\/\/knowhow.distrelec.com\/de\/#\/schema\/person\/f1ffd06a060e93941ce344f4f34c284e","name":"Adam Jeffery","image":{"@type":"ImageObject","inLanguage":"de-DE","@id":"https:\/\/knowhow.distrelec.com\/de\/#\/schema\/person\/image\/0ba7f2eef4c6181d4a2e20f83e383b02","url":"https:\/\/knowhow.distrelec.com\/wp-content\/uploads\/2021\/06\/Adamshot-96x96.jpg","contentUrl":"https:\/\/knowhow.distrelec.com\/wp-content\/uploads\/2021\/06\/Adamshot-96x96.jpg","caption":"Adam Jeffery"},"description":"Adam Jeffery is a Senior Product Manager for Power Supplies and Semiconductors at Distrelec. Adam has over 10 years\u2019 industry experience and is dedicated to connecting engineers and professionals with the most innovative products available on the market. Passionate about technological progress, Adam helps customers enhance their applications by offering high-quality, cutting-edge components and power supplies from market leading brands.","sameAs":["http:\/\/www.distrelec.com","https:\/\/uk.linkedin.com\/in\/adam-jeffery-b6510577"],"url":"https:\/\/knowhow.distrelec.com\/de\/author\/adam-jeffery\/"}]}},"jetpack_featured_media_url":"https:\/\/knowhow.distrelec.com\/wp-content\/uploads\/2022\/05\/2227-SocialAd-1.gif","jetpack_sharing_enabled":true,"_links":{"self":[{"href":"https:\/\/knowhow.distrelec.com\/de\/wp-json\/wp\/v2\/posts\/30395","targetHints":{"allow":["GET"]}}],"collection":[{"href":"https:\/\/knowhow.distrelec.com\/de\/wp-json\/wp\/v2\/posts"}],"about":[{"href":"https:\/\/knowhow.distrelec.com\/de\/wp-json\/wp\/v2\/types\/post"}],"author":[{"embeddable":true,"href":"https:\/\/knowhow.distrelec.com\/de\/wp-json\/wp\/v2\/users\/20"}],"replies":[{"embeddable":true,"href":"https:\/\/knowhow.distrelec.com\/de\/wp-json\/wp\/v2\/comments?post=30395"}],"version-history":[{"count":0,"href":"https:\/\/knowhow.distrelec.com\/de\/wp-json\/wp\/v2\/posts\/30395\/revisions"}],"wp:featuredmedia":[{"embeddable":true,"href":"https:\/\/knowhow.distrelec.com\/de\/wp-json\/wp\/v2\/media\/34628"}],"wp:attachment":[{"href":"https:\/\/knowhow.distrelec.com\/de\/wp-json\/wp\/v2\/media?parent=30395"}],"wp:term":[{"taxonomy":"category","embeddable":true,"href":"https:\/\/knowhow.distrelec.com\/de\/wp-json\/wp\/v2\/categories?post=30395"},{"taxonomy":"post_tag","embeddable":true,"href":"https:\/\/knowhow.distrelec.com\/de\/wp-json\/wp\/v2\/tags?post=30395"},{"taxonomy":"author","embeddable":true,"href":"https:\/\/knowhow.distrelec.com\/de\/wp-json\/wp\/v2\/coauthors?post=30395"}],"curies":[{"name":"wp","href":"https:\/\/api.w.org\/{rel}","templated":true}]}}