{"id":33211,"date":"2022-05-15T08:31:00","date_gmt":"2022-05-15T08:31:00","guid":{"rendered":"https:\/\/knowhow.distrelec.com\/uncategorized-hu\/kiterjesztett-valosag-az-ipar-4-0-ban\/"},"modified":"2022-06-22T10:47:33","modified_gmt":"2022-06-22T10:47:33","slug":"kiterjesztett-valosag-az-ipar-4-0-ban","status":"publish","type":"post","link":"https:\/\/knowhow.distrelec.com\/hu\/it-es-digitalis-vilag\/kiterjesztett-valosag-az-ipar-4-0-ban\/","title":{"rendered":"Kiterjesztett val\u00f3s\u00e1g az ipar 4.0-ban"},"content":{"rendered":"\n<p>Az egyre ink\u00e1bb \u00f6sszekapcsolt ipar\u00e1gban sz\u00e1mos folyamat virtu\u00e1lisan lek\u00e9pezhet\u0151. A \u201evegyes val\u00f3s\u00e1g\u201d az ipari gy\u00e1rt\u00e1s minden ter\u00fclete sz\u00e1m\u00e1ra \u00e9rdekes \u2013 az \u00fczemtervez\u00e9st\u0151l az \u00fcgyf\u00e9lkapcsolatig. Ez\u00e9rt a kiterjesztett val\u00f3s\u00e1g (AR) nemcsak a j\u00e1t\u00e9k-, sz\u00f3rakoztat\u00f3- \u00e9s t\u00e1vk\u00f6zl\u00e9si ipar\u00e1gak sz\u00e1m\u00e1ra fontos, hanem az Ipar 4.0 sz\u00e1m\u00e1ra is.<\/p>\n\n\n\n<h2 id=\"vegyes-valosag-virtualis-valosag-es-kiterjesztett-valosag\" class=\"wp-block-heading\">Vegyes val\u00f3s\u00e1g, virtu\u00e1lis val\u00f3s\u00e1g \u00e9s kiterjesztett val\u00f3s\u00e1g<\/h2>\n\n\n\n<p>Amikor az ipar 4.0 digit\u00e1lis eszk\u00f6zeir\u0151l van sz\u00f3, a kiterjesztett \u00e9s virtu\u00e1lis val\u00f3s\u00e1g alkalmaz\u00e1sok rendszeresen szerepelnek az eml\u00edtett lehet\u0151s\u00e9gek k\u00f6z\u00f6tt. Sok m\u00e1s technol\u00f3gi\u00e1val \u00f6sszehasonl\u00edtva azonban hat\u00e1suk csek\u00e9lynek tekinthet\u0151.<\/p>\n\n\n\n<p>A Deloitte Insights Readiness Report 2020-as eredm\u00e9nyeit \u00e1ttekintve kider\u00fcl, hogy mely <strong>technol\u00f3gi\u00e1k<\/strong> b\u00edrnak nagyobb jelent\u0151s\u00e9ggel a <strong>v\u00e1llalatok<\/strong> sz\u00e1m\u00e1ra:<\/p>\n\n\n\n<ul class=\"wp-block-list\"><li>A Dolgok internet\u00e9t (IoT), a mesters\u00e9ges intelligenci\u00e1t (MI), a felh\u0151infrastrukt\u00far\u00e1kat, valamint a big data rendszert vagy big data elemz\u00e9seket nemzetk\u00f6zileg az ipar 4.0 legfontosabb pill\u00e9reinek tekintik.<\/li><li>Ezt k\u00f6veti a nanotechnol\u00f3gia, a fejlett robotika \u00e9s az \u00e9rz\u00e9kel\u0151k.<\/li><li>A jelent\u00e9s szerint a kiterjesztett val\u00f3s\u00e1g a 3D nyomtat\u00e1ssal, a kvantum- \u00e9s a peremh\u00e1l\u00f3zati sz\u00e1m\u00edt\u00e1stechnik\u00e1val egy\u00fctt a kev\u00e9sb\u00e9 relev\u00e1ns technol\u00f3gi\u00e1k k\u00f6z\u00e9 tartozik.<\/li><\/ul>\n\n\n\n<p>A virtu\u00e1lis eszk\u00f6z\u00f6k haszn\u00e1lata azonban sz\u00e1mos lehet\u0151s\u00e9get k\u00edn\u00e1l a teljes ipari termel\u00e9s sz\u00e1m\u00e1ra.<\/p>\n\n\n\n<h3 id=\"kiterjesztett-valosag-mi-ez\" class=\"wp-block-heading\">Kiterjesztett val\u00f3s\u00e1g \u2013 mi ez?<\/h3>\n\n\n\n<p>A Pok\u00e9mon Go j\u00e1t\u00e9kalkalmaz\u00e1s sikere \u00f3ta a kiterjesztett val\u00f3s\u00e1g a legt\u00f6bb ember sz\u00e1m\u00e1ra ismer\u0151ss\u00e9 v\u00e1lt. Az AR n\u00e9pszer\u0171 eszk\u00f6z a val\u00f3s vil\u00e1g \u00e9s a digit\u00e1lis inform\u00e1ci\u00f3 \u00f6sszekapcsol\u00e1s\u00e1ra, \u00e9s gyakran haszn\u00e1lj\u00e1k sz\u00e1m\u00edt\u00f3g\u00e9pes vagy videoj\u00e1t\u00e9kokban, a k\u00f6z\u00f6ss\u00e9gi m\u00e9dia alkalmaz\u00e1sok fot\u00f3- \u00e9s vide\u00f3sz\u0171r\u0151iben, illetve oktat\u00e1si \u00e9s tanul\u00e1si projektekben.<\/p>\n\n\n\n<p>A kiterjesztett val\u00f3s\u00e1g a k\u00f6vetkez\u0151 l\u00e9nyeges feladatot teljes\u00edti: Seg\u00edts\u00e9g\u00e9vel <strong>a val\u00f3s k\u00f6rnyezetet digit\u00e1lis (vizu\u00e1lis vagy hang<strong><\/strong>) elemekkel lehet kieg\u00e9sz\u00edteni, illetve \u00e1tfedni<\/strong>. Csak a sz\u00fcks\u00e9ges felszerel\u00e9sre van sz\u00fcks\u00e9g. Mivel az alkalmaz\u00e1sok speci\u00e1lis AR-szem\u00fcveggel, valamint mobileszk\u00f6z\u00f6kkel, p\u00e9ld\u00e1ul okostelefonokkal \u00e9s t\u00e1blag\u00e9pekkel is haszn\u00e1lhat\u00f3k, a rendszer nagyon felhaszn\u00e1l\u00f3bar\u00e1t.<\/p>\n\n\n\n<p>Az alapvet\u0151 k\u00f6vetelm\u00e9nyek a k\u00f6vetkez\u0151k:<\/p>\n\n\n\n<ul class=\"wp-block-list\"><li>virtu\u00e1lis \u00e9s val\u00f3s t\u00e1rgyak kombin\u00e1ci\u00f3ja val\u00f3s k\u00f6rnyezetben,<\/li><li>interakt\u00edv m\u0171k\u00f6d\u00e9s \u00e9s<\/li><li>a virtu\u00e1lis \u00e9s val\u00f3s t\u00e1rgyak val\u00f3s idej\u0171 regisztr\u00e1l\u00e1sa egym\u00e1ssal.<\/li><\/ul>\n\n\n\n<p><\/p>\n\n\n\n<figure class=\"wp-block-image size-large\"><img  loading=\"lazy\"  decoding=\"async\"  height=\"576\"  width=\"1024\"  src=\"data:image\/png;base64,iVBORw0KGgoAAAANSUhEUgAABAAAAAJAAQMAAAApW4aWAAAAA1BMVEUAAP+KeNJXAAAAAXRSTlMAQObYZgAAAAlwSFlzAAAOxAAADsQBlSsOGwAAAF5JREFUeNrtwQEBAAAAgiD\/r25IQAEAAAAAAAAAAAAAAAAAAAAAAAAAAAAAAAAAAAAAAAAAAAAAAAAAAAAAAAAAAAAAAAAAAAAAAAAAAAAAAAAAAAAAAAAAAAAAAO8GIk8AAbOpTZoAAAAASUVORK5CYII=\"  alt=\"\"  class=\"wp-image-30141 pk-lazyload\"  data-pk-sizes=\"auto\"  data-pk-src=\"https:\/\/knowhow.distrelec.com\/wp-content\/uploads\/2022\/05\/62773-Bild-2-1024x576.jpeg\" ><\/figure>\n\n\n\n<p>K\u00fcl\u00f6nb\u00f6z\u0151 AR m\u00f3dszerek a vizualiz\u00e1ci\u00f3hoz<\/p>\n\n\n\n<p>A jel\u00f6l\u0151ket \u00e1ltal\u00e1ban az AR-rendszerek m\u0171k\u00f6d\u00e9s\u00e9hez haszn\u00e1lj\u00e1k. Ezek seg\u00edtenek a virtu\u00e1lis objektumok helyzet\u00e9nek \u00e9s t\u00e1jol\u00e1s\u00e1nak helyes meg\u00edt\u00e9l\u00e9s\u00e9ben a val\u00f3s k\u00f6rnyezetben. Vannak olyan m\u00f3dszerek is, amelyek nem ig\u00e9nyelnek jel\u00f6l\u0151ket, mint p\u00e9ld\u00e1ul a <strong>Natural Feature Tracking<\/strong> (Term\u00e9szetes Terept\u00e1rgy-k\u00f6vet\u00e9s, NFT) vagy a <strong>Simultaneous Localisation and Mapping<\/strong> (szimult\u00e1n helymeghat\u00e1roz\u00e1s \u00e9s t\u00e9rk\u00e9pez\u00e9s, SLAM).<\/p>\n\n\n\n<p>Ezeket a k\u00fcl\u00f6nb\u00f6z\u0151 rendszereket haszn\u00e1lj\u00e1k a megjelen\u00edt\u00e9shez:<\/p>\n\n\n\n<ul class=\"wp-block-list\"><li>A <strong>fejre szerelt kijelz\u0151k (HMD<\/strong>) a h\u00edres szem\u00fcvegek vagy sisakok. Ezeket jellemz\u0151en teljesen virtu\u00e1lis k\u00f6rnyezet\u0171 VR-alkalmaz\u00e1sokhoz haszn\u00e1lj\u00e1k, de a kiterjesztett val\u00f3s\u00e1ghoz is haszn\u00e1lhat\u00f3k.<\/li><li>A <strong>mobil kijelz\u0151k<\/strong>, azaz az okostelefonok \u00e9s a t\u00e1blag\u00e9pek az ipari kontextuson k\u00edv\u00fcl is ismertek. N\u00e9h\u00e1ny alkalmaz\u00e1sukr\u00f3l m\u00e1r az elej\u00e9n eml\u00edt\u00e9st tett\u00fcnk. A termel\u00e9sben a mobil eszk\u00f6z\u00f6k seg\u00edtenek az \u00f6sszetett term\u00e9kek vagy folyamatok egyszer\u0171 m\u00f3don t\u00f6rt\u00e9n\u0151 felt\u00e9rk\u00e9pez\u00e9s\u00e9ben.<\/li><li>A <strong>Spatial Augmented Reality (t\u00e9rbeli kiterjesztett val\u00f3s\u00e1g, SAR)<\/strong> rendszerek m\u00e1sk\u00e9pp m\u0171k\u00f6dnek, mivel projektorokat haszn\u00e1lnak. A virtu\u00e1lis elemeket k\u00f6zvetlen\u00fcl a val\u00f3s t\u00e1rgyakra vet\u00edtik.<\/li><\/ul>\n\n\n\n<p>A t\u00e9rbeli sz\u00e1m\u00edt\u00e1stechnika az AR-alkalmaz\u00e1sokkal \u00f6sszef\u00fcgg\u00e9sben k\u00fcl\u00f6nb\u00f6z\u0151 virtu\u00e1lis r\u00e9tegek egym\u00e1sra helyez\u00e9s\u00e9t jelenti. A sz\u00fcks\u00e9ges adatokat p\u00e9ld\u00e1ul egy AR-felh\u0151ben kell t\u00e1rolni. \u00cdgy a vizu\u00e1lis \u00e1br\u00e1zol\u00e1s \u00f6sszekapcsolhat\u00f3 az \u00e9rz\u00e9kel\u0151kb\u0151l sz\u00e1rmaz\u00f3 val\u00f3s idej\u0171 adatokkal, a termel\u00e9si mutat\u00f3sz\u00e1mokkal vagy m\u00e1s IoT-objektumokb\u00f3l sz\u00e1rmaz\u00f3 inform\u00e1ci\u00f3kkal.<\/p>\n\n\n\n<p>El\u0151nye, hogy a vizualiz\u00e1ci\u00f3 ezen form\u00e1ja lehet\u0151v\u00e9 teszi a <strong>k\u00e9z n\u00e9lk\u00fcli megold\u00e1sokat<\/strong>, ami azt jelenti, hogy a k\u00e9zi munkafolyamatokat digit\u00e1lis inform\u00e1ci\u00f3kkal ell\u00e1tva vagy t\u00e1voli asszisztensi rendszerek \u00e1ltal ir\u00e1ny\u00edtva lehet elv\u00e9gezni.<\/p>\n\n\n\n<p><\/p>\n\n\n\n<figure class=\"wp-block-embed is-type-video is-provider-youtube wp-block-embed-youtube wp-embed-aspect-16-9 wp-has-aspect-ratio\"><div class=\"wp-block-embed__wrapper\">\n<iframe loading=\"lazy\" title=\"Microsoft HoloLens: Mixed Reality in the Modern Workplace\" width=\"1200\" height=\"675\" src=\"https:\/\/www.youtube.com\/embed\/EIJM9xNg9xs?feature=oembed\" frameborder=\"0\" allow=\"accelerometer; autoplay; clipboard-write; encrypted-media; gyroscope; picture-in-picture\" allowfullscreen><\/iframe>\n<\/div><\/figure>\n\n\n\n<h3 id=\"munka-a-vegyes-valosagban\" class=\"wp-block-heading\">Munka a vegyes val\u00f3s\u00e1gban<\/h3>\n\n\n\n<p>A kiterjesztett val\u00f3s\u00e1g a vegyes val\u00f3s\u00e1g r\u00e9sze. A val\u00f3s \u00e9s a virtu\u00e1lis k\u00f6rnyezetek \u00f6sszekapcsol\u00e1s\u00e1t \u00edrja le; a val\u00f3sak a gy\u00e1rcsarnokok, a g\u00e9pek \u00e9s a szem\u00e9lyzet, a virtu\u00e1lisak pedig a legk\u00fcl\u00f6nb\u00f6z\u0151bb forr\u00e1sokb\u00f3l sz\u00e1rmaz\u00f3 adatok.<\/p>\n\n\n\n<p>Az AR-alkalmaz\u00e1sok megmutatj\u00e1k, hogyan n\u00e9z ki ez a kapcsolat a gyakorlatban. A kiterjesztett virtualit\u00e1s a vegyes val\u00f3s\u00e1g egyik alkateg\u00f3ri\u00e1ja. B\u00e1r a kiterjesztett virtu\u00e1lis alkalmaz\u00e1sok \u00e9s eszk\u00f6z\u00f6k a virtu\u00e1lis val\u00f3s\u00e1ghoz hasonl\u00f3an a <strong>virtu\u00e1lis szintre \u00f6sszpontos\u00edtanak<\/strong>, <strong>m\u00e9gis kapcsol\u00f3dnak a val\u00f3s k\u00f6rnyezethez<\/strong>.<\/p>\n\n\n\n<p>Ezek fontos t\u00e9nyez\u0151t jelentenek a tervez\u00e9sben, mert p\u00e9ld\u00e1ul az \u00faj perif\u00e9ri\u00e1k (p\u00e9ld\u00e1ul a keszty\u0171k) seg\u00edthetnek az ergon\u00f3miai \u00e9s teljes\u00edtm\u00e9nym\u00e9r\u00e9sek r\u00f6gz\u00edt\u00e9s\u00e9ben a munkahelyek tervez\u00e9s\u00e9hez. A kiterjesztett val\u00f3s\u00e1g alkalmaz\u00e1si ter\u00fcletei els\u0151sorban a gy\u00e1rt\u00e1s ter\u00fclet\u00e9n tal\u00e1lhat\u00f3k.<\/p>\n\n\n\n<h2 id=\"az-ar-erossegei-es-gyengesegei-a-termelesben\" class=\"wp-block-heading\">Az AR er\u0151ss\u00e9gei \u00e9s gyenges\u00e9gei a termel\u00e9sben<\/h2>\n\n\n\n<p>Az ipari v\u00e1llalatok szkepticizmusa az AR-alkalmaz\u00e1sok gy\u00e1rt\u00e1sban t\u00f6rt\u00e9n\u0151 alkalmaz\u00e1s\u00e1val kapcsolatban abb\u00f3l fakad, hogy nem lehetett kell\u0151k\u00e9ppen felm\u00e9rni a hat\u00e1sukat. A kiterjesztett val\u00f3s\u00e1g nem val\u00f3s\u00edthat\u00f3 meg a megfelel\u0151 technikai felszerel\u00e9s n\u00e9lk\u00fcl, \u00edgy a sz\u00fcks\u00e9ges beruh\u00e1z\u00e1soknak pozit\u00edv hat\u00e1st kell kifejteni\u00fck.<\/p>\n\n\n\n<p>Egy\u00fcttm\u0171k\u00f6d\u0151 kutat\u00e1si projekt vizsg\u00e1lja az AR hat\u00e1s\u00e1t<\/p>\n\n\n\n<p>A M\u00fcncheni M\u0171szaki Egyetem (TUM), a Wisconsin-Madison Egyetem \u00e9s a mainzi \u00e1llami k\u00f3rh\u00e1z kutat\u00f3csoportja az AR hat\u00e1s\u00e1t vizsg\u00e1lta az ipari gy\u00e1rt\u00e1sra (<em>Seeing the Bigger Picture? <\/em> <em>Ramping up Production with the Use of Augmented Reality. Manufacturing &amp; Service Operations Management 2022<\/em>) k\u00f6z\u00f6s terepk\u00eds\u00e9rletekben. A projekt k\u00e9rd\u00e9sei, amelyet egy technol\u00f3giai v\u00e1llalat v\u00e9gzett:<\/p>\n\n\n\n<ul class=\"wp-block-list\"><li>Milyen gyorsan tanulnak meg a munkav\u00e1llal\u00f3k \u00faj feladatokat v\u00e9gezni AR-t\u00e1mogat\u00e1ssal \u00e9s an\u00e9lk\u00fcl?<\/li><li>Sz\u00e1m\u00edt a feladat \u00f6sszetetts\u00e9ge?<\/li><li>Hogyan befoly\u00e1solj\u00e1k az AR-alkalmaz\u00e1sok az alkalmazottak azon k\u00e9pess\u00e9g\u00e9t, hogy javaslatokat tegyenek a folyamatok optimaliz\u00e1l\u00e1s\u00e1ra?<\/li><\/ul>\n\n\n\n<p>Az AR-alkalmaz\u00e1sok <strong>termel\u00e9kenys\u00e9gre<\/strong> gyakorolt hat\u00e1sa a legnyilv\u00e1nval\u00f3bb. A kutat\u00f3k megfigyelt\u00e9k, hogy az AR-szem\u00fcveg seg\u00edts\u00e9g\u00e9vel m\u00e9g az \u00f6sszetett feladatokat is jelent\u0151sen gyorsabban lehetett elv\u00e9gezni (\u00e1tlagosan 44 sz\u00e1zal\u00e9kos id\u0151megtakar\u00edt\u00e1s). M\u00e9g az egyszer\u0171bb feladatok elv\u00e9gz\u00e9se is k\u00f6r\u00fclbel\u00fcl 15 sz\u00e1zal\u00e9kkal kevesebb id\u0151t vett ig\u00e9nybe az AR-t\u00e1mogat\u00e1ssal.<\/p>\n\n\n\n<p><\/p>\n\n\n\n<figure class=\"wp-block-image size-large\"><img  loading=\"lazy\"  decoding=\"async\"  height=\"576\"  width=\"1024\"  src=\"data:image\/png;base64,iVBORw0KGgoAAAANSUhEUgAABAAAAAJAAQMAAAApW4aWAAAAA1BMVEUAAP+KeNJXAAAAAXRSTlMAQObYZgAAAAlwSFlzAAAOxAAADsQBlSsOGwAAAF5JREFUeNrtwQEBAAAAgiD\/r25IQAEAAAAAAAAAAAAAAAAAAAAAAAAAAAAAAAAAAAAAAAAAAAAAAAAAAAAAAAAAAAAAAAAAAAAAAAAAAAAAAAAAAAAAAAAAAAAAAO8GIk8AAbOpTZoAAAAASUVORK5CYII=\"  alt=\"\"  class=\"wp-image-30159 pk-lazyload\"  data-pk-sizes=\"auto\"  data-pk-src=\"https:\/\/knowhow.distrelec.com\/wp-content\/uploads\/2022\/05\/62773-Bild-3-1024x576.jpeg\" ><\/figure>\n\n\n\n<h3 id=\"az-ar-elonyeinek-es-hatranyainak-helyes-ertekelese\" class=\"wp-block-heading\">Az AR el\u0151nyeinek \u00e9s h\u00e1tr\u00e1nyainak helyes \u00e9rt\u00e9kel\u00e9se<\/h3>\n\n\n\n<p>H\u00e1tr\u00e1nya: a technikai seg\u00edts\u00e9gny\u00fajt\u00e1s cs\u00f6kkenti a tanul\u00e1si hat\u00e1st. A feladat elv\u00e9gz\u00e9s\u00e9hez sz\u00fcks\u00e9ges inform\u00e1ci\u00f3 nem sz\u00edv\u00f3dik fel olyan m\u00e9lys\u00e9gben, mint az anal\u00f3g munkav\u00e9gz\u00e9s sor\u00e1n. Ez viszont az <strong>innov\u00e1ci\u00f3s potenci\u00e1lra<\/strong> is hat\u00e1ssal van \u2013 a tanulm\u00e1ny eredm\u00e9nyei szerint t\u00f6bb hasznos fejleszt\u00e9si javaslat \u00e9rkezett att\u00f3l a csoportt\u00f3l, amelyik AR-technol\u00f3gia n\u00e9lk\u00fcl dolgozott.<\/p>\n\n\n\n<p>A kutat\u00f3k szerint az AR-alkalmaz\u00e1sok a legnagyobb pozit\u00edv hat\u00e1st azokon a ter\u00fcleteken fejtik ki, ahol a folyamatok optimaliz\u00e1l\u00e1sa nagyr\u00e9szt vagy teljesen befejez\u0151d\u00f6tt. Az AR olyan termel\u00e9si ter\u00fcleteket is t\u00e1mogat, ahol r\u00f6vid \u00fctemid\u0151re van sz\u00fcks\u00e9g, \u00edgy n\u00f6velve a termel\u00e9kenys\u00e9get.<\/p>\n\n\n\n<p> Sok v\u00e1llalat azonban rendk\u00edv\u00fcl k\u00fcl\u00f6nb\u00f6z\u0151 felhaszn\u00e1l\u00e1si m\u00f3dokat tal\u00e1l az AR technol\u00f3gi\u00e1kra az ipari gy\u00e1rt\u00e1son bel\u00fcl.<\/p>\n\n\n\n<h2 id=\"az-ar-technologia-alkalmazasi-teruletei-az-ipar-4-0-teruleten\" class=\"wp-block-heading\">Az AR technol\u00f3gia alkalmaz\u00e1si ter\u00fcletei az Ipar 4.0 ter\u00fclet\u00e9n<\/h2>\n\n\n\n<p>B\u00e1r az AR-alkalmaz\u00e1sok az Ipar 4.0 m\u00e1s kulcsfontoss\u00e1g\u00fa ipar\u00e1gaihoz k\u00e9pest n\u00e9mi lemarad\u00e1sban vannak, sok gy\u00e1rt\u00f3 m\u00e1r haszn\u00e1lja a kiterjesztett val\u00f3s\u00e1gban rejl\u0151 lehet\u0151s\u00e9geket. Az alkalmaz\u00e1si ter\u00fcletek nagyon v\u00e1ltozatosak, \u00e9s kor\u00e1ntsem korl\u00e1toz\u00f3dnak a j\u00f3l koordin\u00e1lt termel\u00e9si folyamatok m\u00e9g gyorsabb\u00e1 t\u00e9tel\u00e9re.<\/p>\n\n\n\n<h3 id=\"tamogatas-osszetett-osszeszerelesi-feladatokkal\" class=\"wp-block-heading\">T\u00e1mogat\u00e1s \u00f6sszetett \u00f6sszeszerel\u00e9si feladatokkal<\/h3>\n\n\n\n<p>Ahogy a Prof. Dr. David Wuttke \u00e1ltal vezetett kutat\u00f3csoport fenti tanulm\u00e1nya m\u00e1r megmutatta, az AR az \u00f6sszetett feladatok jelent\u0151s megk\u00f6nny\u00edt\u00e9s\u00e9t jelenti. Ez a helyzet az \u00f6sszeszerel\u0151sorok eset\u00e9ben is, mivel a term\u00e9kek \u00e9s folyamatok egyre \u00f6sszetettebb\u00e9 v\u00e1lnak.<\/p>\n\n\n\n<p>Az alkatr\u00e9szek sokas\u00e1g\u00e1t rendk\u00edv\u00fcl prec\u00edzen \u00e9s id\u0151nyom\u00e1s alatt kell \u00f6sszeszerelni. A kih\u00edv\u00e1s ugyanaz marad, f\u00fcggetlen\u00fcl a k\u00e9szterm\u00e9k m\u00e9ret\u00e9t\u0151l.<\/p>\n\n\n\n<p><\/p>\n\n\n\n<figure class=\"wp-block-image size-large\"><img  loading=\"lazy\"  decoding=\"async\"  height=\"576\"  width=\"1024\"  src=\"data:image\/png;base64,iVBORw0KGgoAAAANSUhEUgAABAAAAAJAAQMAAAApW4aWAAAAA1BMVEUAAP+KeNJXAAAAAXRSTlMAQObYZgAAAAlwSFlzAAAOxAAADsQBlSsOGwAAAF5JREFUeNrtwQEBAAAAgiD\/r25IQAEAAAAAAAAAAAAAAAAAAAAAAAAAAAAAAAAAAAAAAAAAAAAAAAAAAAAAAAAAAAAAAAAAAAAAAAAAAAAAAAAAAAAAAAAAAAAAAO8GIk8AAbOpTZoAAAAASUVORK5CYII=\"  alt=\"\"  class=\"wp-image-30176 pk-lazyload\"  data-pk-sizes=\"auto\"  data-pk-src=\"https:\/\/knowhow.distrelec.com\/wp-content\/uploads\/2022\/05\/62773-Bild-4-1024x576.jpeg\" ><\/figure>\n\n\n\n<p>Az \u00faj term\u00e9kek azonban megnehez\u00edtik az \u00f6sszeszerel\u00e9st, ami k\u00e9slelteti a folyamatokat. Ennek oka t\u00f6bbek k\u00f6z\u00f6tt az \u00faj \u00f6sszeszerel\u00e9si \u00fatmutat\u00f3 \u00e9s annak bemutat\u00e1sa. A PDF dokumentumok, amelyeket gyakran haszn\u00e1lnak a sz\u00fcks\u00e9ges inform\u00e1ci\u00f3k megszerz\u00e9s\u00e9re, t\u00fal sok id\u0151t vesznek ig\u00e9nybe. <\/p>\n\n\n\n<p>AR-t\u00e1mogat\u00e1ssal azonban az inform\u00e1ci\u00f3 k\u00f6nnyen hozz\u00e1f\u00e9rhet\u0151v\u00e9 \u00e9s j\u00f3l l\u00e1that\u00f3v\u00e1 tehet\u0151. Az AR-t\u00e1mogat\u00e1s hangvez\u00e9rl\u00e9ssel t\u00f6rt\u00e9n\u0151 haszn\u00e1lata szint\u00e9n seg\u00edt felgyors\u00edtani a folyamatot, mivel a dolgoz\u00f3knak szabad a kez\u00fck, \u00e9s nem kell megszak\u00edtaniuk az \u00f6sszeszerel\u00e9st a sz\u00fcks\u00e9ges inform\u00e1ci\u00f3k megszerz\u00e9s\u00e9hez.<\/p>\n\n\n\n<p>Az AR haszn\u00e1lat\u00e1nak ez a m\u00f3dja nem \u00faj, azonban a technol\u00f3giai fejl\u0151d\u00e9snek k\u00f6sz\u00f6nhet\u0151en a sz\u00fcks\u00e9ges berendez\u00e9sek \u00e9s a kapcsol\u00f3d\u00f3 szoftverek sokkal olcs\u00f3bbak, mint 20 \u00e9vvel ezel\u0151tt. Ennek eredm\u00e9nyek\u00e9ppen az ilyen AR-alkalmaz\u00e1sokat ma m\u00e1r sz\u00e9lesebb k\u00f6rben haszn\u00e1lj\u00e1k. A rep\u00fcl\u0151g\u00e9p-technol\u00f3gi\u00e1ban p\u00e9ld\u00e1ul, ahol az \u00f6sszeszerel\u00e9s l\u00e9nyegesen nagyobb m\u00e9retekben t\u00f6rt\u00e9nik, kivet\u00edt\u0151ket haszn\u00e1lnak az egyes alkatr\u00e9szek pontos helyzet\u00e9nek bemutat\u00e1s\u00e1ra.<\/p>\n\n\n\n<h3 id=\"a-karbantartasi-folyamatok-egyszerusitese\" class=\"wp-block-heading\">A karbantart\u00e1si folyamatok egyszer\u0171s\u00edt\u00e9se<\/h3>\n\n\n\n<p>A termel\u00e9si l\u00e9tes\u00edtm\u00e9nyek karbantart\u00e1sa gazdas\u00e1gi szempontb\u00f3l kritikus t\u00e9nyez\u0151.  Az Ipar 4.0 c\u00e9lja a v\u00e1ratlan termel\u00e9si le\u00e1ll\u00e1sok cs\u00f6kkent\u00e9se a termel\u00e9si l\u00e9tes\u00edtm\u00e9nyek automatiz\u00e1l\u00e1s\u00e1val \u00e9s karbantart\u00e1suk megtervez\u00e9s\u00e9vel.<\/p>\n\n\n\n<p>A nagyr\u00e9szt vagy teljesen automatiz\u00e1lt g\u00e9pkarbantart\u00e1s lehet\u0151s\u00e9gei n\u00e9lk\u00fcl is k\u00f6zponti szerepet j\u00e1tszik az id\u0151. Ha a karbantart\u00e1si eredm\u00e9nyeket \u00e9s c\u00e9lokat k\u00e9zik\u00f6nyvekbe kell \u00e1tvinni, a folyamatok k\u00e9snek, \u00e9s a sz\u00fcks\u00e9gesn\u00e9l tov\u00e1bb tartanak.<\/p>\n\n\n\n<p>Az AR technol\u00f3gi\u00e1val a <strong>c\u00e9lok \u00e9s eredm\u00e9nyek \u00f6sszehasonl\u00edt\u00e1sa<\/strong> p\u00e1rhuzamosan t\u00f6rt\u00e9nhet egy AR kijelz\u0151n. Ebben az esetben a hangvez\u00e9rl\u00e9s is seg\u00edt a k\u00e9zik\u00f6nyv egyszer\u0171 haszn\u00e1lat\u00e1ban, mik\u00f6zben a kezek szabadon maradnak.<\/p>\n\n\n\n<p><\/p>\n\n\n\n<figure class=\"wp-block-image size-large\"><img  loading=\"lazy\"  decoding=\"async\"  height=\"683\"  width=\"1024\"  src=\"data:image\/png;base64,iVBORw0KGgoAAAANSUhEUgAABAAAAAKrAQMAAABV2G3XAAAAA1BMVEUAAP+KeNJXAAAAAXRSTlMAQObYZgAAAAlwSFlzAAAOxAAADsQBlSsOGwAAAGxJREFUeNrtwTEBAAAAwqD1T20MH6AAAAAAAAAAAAAAAAAAAAAAAAAAAAAAAAAAAAAAAAAAAAAAAAAAAAAAAAAAAAAAAAAAAAAAAAAAAAAAAAAAAAAAAAAAAAAAAAAAAAAAAAAAAAAAAAAAOBtYOgAB23VbnQAAAABJRU5ErkJggg==\"  alt=\"\"  class=\"wp-image-30193 pk-lazyload\"  data-pk-sizes=\"auto\"  data-pk-src=\"https:\/\/knowhow.distrelec.com\/wp-content\/uploads\/2022\/05\/62773-Bild-5-1024x683.jpeg\" ><\/figure>\n\n\n\n<p>A <strong>HoloLens technol\u00f3gia<\/strong> egyes\u00edti a karbantart\u00e1si szolg\u00e1ltat\u00e1st, a virtu\u00e1lis modelleket \u00e9s a modern kommunik\u00e1ci\u00f3s csatorn\u00e1kat. \u00cdgy a karbantart\u00f3 technikusok hozz\u00e1f\u00e9rnek minden l\u00e9nyeges inform\u00e1ci\u00f3hoz (p\u00e9ld\u00e1ul m\u0171szaki adatok stb.), ezeket \u00f6sszehasonl\u00edthatj\u00e1k a virtu\u00e1lis modellekkel, \u00e9s a karbantart\u00e1st szabad k\u00e9zzel v\u00e9gezhetik.<\/p>\n\n\n\n<p>A m\u0171szaki t\u00e1mogat\u00e1snak ehhez m\u00e9g csak nem is kell a helysz\u00ednen tart\u00f3zkodnia: az \u00f6sszes sz\u00fcks\u00e9ges vizsg\u00e1lati l\u00e9p\u00e9s a HoloLens seg\u00edts\u00e9g\u00e9vel tov\u00e1bb\u00edthat\u00f3 a helysz\u00edni technikusnak. Az AR-szem\u00fcveg k\u00e9t ir\u00e1nyban m\u0171k\u00f6dik:<\/p>\n\n\n\n<ul class=\"wp-block-list\"><li>A helysz\u00ednen l\u00e9v\u0151 szakember a kijelz\u0151n kereszt\u00fcl l\u00e1tja a pontos utas\u00edt\u00e1sokat a szakszer\u0171 karbantart\u00e1shoz, \u00e9s pontos, l\u00e9p\u00e9sr\u0151l l\u00e9p\u00e9sre t\u00f6rt\u00e9n\u0151 utas\u00edt\u00e1sokat kap.<\/li><li>A k\u00f6zpontban l\u00e9v\u0151 t\u00e1mogat\u00f3 csapat a szem\u00fcvegen kereszt\u00fcl k\u00f6zvetlen r\u00e1l\u00e1t\u00e1ssal rendelkezik, \u00e9s t\u00e1volr\u00f3l is elv\u00e9gezheti a karbantart\u00e1st.<\/li><\/ul>\n\n\n\n<p>A modellekb\u0151l sz\u00e1rmaz\u00f3 adatokkal egy\u00fctt az ilyen beavatkoz\u00e1sokat el\u0151re meg lehet tervezni \u00e9s sokkal gyorsabban be lehet fejezni.<\/p>\n\n\n\n<h3 id=\"az-egyuttmukodesen-alapulo-munkamodszerek-elomozditasa\" class=\"wp-block-heading\">Az egy\u00fcttm\u0171k\u00f6d\u00e9sen alapul\u00f3 munkam\u00f3dszerek el\u0151mozd\u00edt\u00e1sa<\/h3>\n\n\n\n<p>A HoloLens alkalmaz\u00e1s az AR-alkalmaz\u00e1sok egy m\u00e1sik lehet\u0151s\u00e9g\u00e9t vet\u00edti el\u0151re: <strong>a kollaborat\u00edv megold\u00e1sok jav\u00edt\u00e1s\u00e1t<\/strong> \u00e9s <strong>a szak\u00e9rt\u0151i tud\u00e1shoz val\u00f3 k\u00f6nnyebb hozz\u00e1f\u00e9r\u00e9st.<\/strong> Ez megk\u00f6nny\u00edti a karbantart\u00e1si \u00e9s szervizmunk\u00e1k koordin\u00e1l\u00e1s\u00e1t \u00e9s elv\u00e9gz\u00e9s\u00e9t, m\u00e9g nagyobb termel\u00e9si k\u00f6rnyezetben is.<\/p>\n\n\n\n<p>Az AR-technol\u00f3gia c\u00e9lja a szakk\u00e9pzett munkaer\u0151 hi\u00e1nya miatt sok v\u00e1llalatn\u00e1l megl\u00e9v\u0151 munkaer\u0151hi\u00e1ny megsz\u00fcntet\u00e9se. Az AR-alkalmaz\u00e1soknak k\u00f6sz\u00f6nhet\u0151en a szak\u00e9rt\u0151k b\u00e1rhonnan h\u00edvhat\u00f3k an\u00e9lk\u00fcl, hogy a helysz\u00ednen kellene lenni\u00fck. Ez\u00e9rt m\u00e1r nem sz\u00fcks\u00e9ges, hogy a sz\u00fcks\u00e9ges szak\u00e9rtelem <em>h\u00e1zon bel\u00fcl<\/em> \u00e1lljon rendelkez\u00e9sre.<\/p>\n\n\n\n<p>Az alkalmazottakat a szakemberek a t\u00e1vjelenl\u00e9tnek \u00e9s az \u00fczemi helyzet k\u00f6zvet\u00edt\u00e9s\u00e9nek k\u00f6sz\u00f6nhet\u0151en ir\u00e1ny\u00edthatj\u00e1k. Az egy\u00fcttm\u0171k\u00f6d\u00e9snek ezen form\u00e1ja oszt\u00e1lyokon, r\u00e9szlegeken \u00e9s \u00fczemeken \u00e1t\u00edvel\u0151 lehet. Ez a <strong>tud\u00e1s\u00e1tad\u00e1s<\/strong> ak\u00e1r k\u00e9pz\u00e9si c\u00e9lokra is felhaszn\u00e1lhat\u00f3 \u2013 egyfajta \u201ecselekedve tanul\u00e1sk\u00e9nt\u201d, k\u00e9pzett m\u0171szaki szem\u00e9lyzet k\u00f6zvetlen fel\u00fcgyelete mellett.<\/p>\n\n\n\n<p><\/p>\n\n\n\n<figure class=\"wp-block-image size-large\"><img  loading=\"lazy\"  decoding=\"async\"  height=\"576\"  width=\"1024\"  src=\"data:image\/png;base64,iVBORw0KGgoAAAANSUhEUgAABAAAAAJAAQMAAAApW4aWAAAAA1BMVEUAAP+KeNJXAAAAAXRSTlMAQObYZgAAAAlwSFlzAAAOxAAADsQBlSsOGwAAAF5JREFUeNrtwQEBAAAAgiD\/r25IQAEAAAAAAAAAAAAAAAAAAAAAAAAAAAAAAAAAAAAAAAAAAAAAAAAAAAAAAAAAAAAAAAAAAAAAAAAAAAAAAAAAAAAAAAAAAAAAAO8GIk8AAbOpTZoAAAAASUVORK5CYII=\"  alt=\"\"  class=\"wp-image-30210 pk-lazyload\"  data-pk-sizes=\"auto\"  data-pk-src=\"https:\/\/knowhow.distrelec.com\/wp-content\/uploads\/2022\/05\/62773-Bild-6-1024x576.jpeg\" ><\/figure>\n\n\n\n<h3 id=\"az-ugyfelkapcsolatok-javitasa\" class=\"wp-block-heading\">Az \u00fcgyf\u00e9lkapcsolatok jav\u00edt\u00e1sa<\/h3>\n\n\n\n<p>Hasonl\u00f3an a gy\u00e1rt\u00f3k is haszn\u00e1lhatnak AR-alkalmaz\u00e1sokat az \u00fcgyfelek t\u00e1mogat\u00e1s\u00e1ra. K\u00fcl\u00f6n\u00f6sen akkor, ha olyan <strong>tan\u00e1csad\u00e1sr\u00f3l<\/strong> van sz\u00f3, amelyet a g\u00e9p- \u00e9s berendez\u00e9sgy\u00e1rt\u00f3knak kell ny\u00fajtaniuk a bonyolult term\u00e9kekhez.<\/p>\n\n\n\n<p>Az AR technol\u00f3gia sokkal <strong>jobb vizualiz\u00e1ci\u00f3t<\/strong> tesz lehet\u0151v\u00e9 \u2013 magukr\u00f3l a term\u00e9kekr\u0151l, az egyes alkatr\u00e9szekr\u0151l vagy a g\u00e9pek \u00e9s rendszerek m\u0171k\u00f6d\u00e9sbe val\u00f3 integr\u00e1l\u00e1s\u00e1r\u00f3l. Ez\u00e9rt a v\u00e1s\u00e1rl\u00f3k nem csak arr\u00f3l kapnak k\u00e9pet, hogyan m\u0171k\u00f6dik egy term\u00e9k, hanem annak t\u00e9rbeli m\u00e9reteir\u0151l is a k\u00edv\u00e1nt helyen.<\/p>\n\n\n\n<p>Ezenk\u00edv\u00fcl a m\u00f3dos\u00edt\u00e1si k\u00e9r\u00e9seket k\u00f6zvetlen\u00fcl az \u00fcgyf\u00e9llel lehet megvitatni \u00e9s \u00e1tvinni a virtu\u00e1lis modellekbe.<\/p>\n\n\n\n<h3 id=\"segitseg-a-minosegbiztositasban\" class=\"wp-block-heading\">Seg\u00edts\u00e9g a min\u0151s\u00e9gbiztos\u00edt\u00e1sban<\/h3>\n\n\n\n<p>A term\u00e9kek \u00e9s alkatr\u00e9szek virtu\u00e1lis modelljei az AR-eszk\u00f6z\u00f6kkel egy\u00fctt a min\u0151s\u00e9gbiztos\u00edt\u00e1sban is haszn\u00e1lhat\u00f3k. A kijelz\u0151k seg\u00edts\u00e9g\u00e9vel az eredeti \u00e9s a modell \u00f6sszehasonl\u00edthat\u00f3 az \u00e1tfed\u00e9sen kereszt\u00fcl. Ha vannak elt\u00e9r\u00e9sek a gy\u00e1rt\u00f3 el\u0151\u00edr\u00e1sait\u00f3l, ezeket k\u00f6zvetlen\u00fcl az \u00e1tfed\u00e9sen lehet jel\u00f6lni.<\/p>\n\n\n\n<figure class=\"wp-block-embed is-type-video is-provider-youtube wp-block-embed-youtube wp-embed-aspect-16-9 wp-has-aspect-ratio\"><div class=\"wp-block-embed__wrapper\">\n<iframe loading=\"lazy\" title=\"Airbus drives innovation and accelerates production with Azure mixed reality and HoloLens 2\" width=\"1200\" height=\"675\" src=\"https:\/\/www.youtube.com\/embed\/lxjC4Z05qh8?feature=oembed\" frameborder=\"0\" allow=\"accelerometer; autoplay; clipboard-write; encrypted-media; gyroscope; picture-in-picture\" allowfullscreen><\/iframe>\n<\/div><\/figure>\n\n\n\n<p>Ez a nagyobb projektekre is vonatkozik. Az Airbus v\u00e1llalatn\u00e1l p\u00e9ld\u00e1ul a vegyes val\u00f3s\u00e1g alkalmaz\u00e1sokat arra haszn\u00e1lj\u00e1k, hogy a technikusok sz\u00e1m\u00e1ra teljes digit\u00e1lis modelleket \u00e9s v\u00e1zlatokat biztos\u00edtsanak, hogy a gy\u00e1rt\u00e1s sor\u00e1n ellen\u0151rizni tudj\u00e1k a szerkezeti szerelv\u00e9nyeket. Ez seg\u00edt jelent\u0151sen ler\u00f6vid\u00edteni az ak\u00e1r 80&nbsp;000 konzol ellen\u0151rz\u00e9s\u00e9t.<\/p>\n\n\n\n<h3 id=\"a-termelesi-teruletek-jobb-tervezese\" class=\"wp-block-heading\">A termel\u00e9si ter\u00fcletek jobb tervez\u00e9se<\/h3>\n\n\n\n<p>Az AR-technol\u00f3gia seg\u00edts\u00e9g\u00e9vel a gy\u00e1rt\u00e1si ter\u00fcletek vagy teljes gy\u00e1rt\u00f3\u00fczemek modelljei kivet\u00edthet\u0151k a val\u00f3s k\u00f6rnyezetre. Ily m\u00f3don lehet\u0151s\u00e9g ny\u00edlik a g\u00e9pek, a rakt\u00e1rter\u00fcletek, a sz\u00e1ll\u00edt\u00e1s, a k\u00f6zleked\u00e9s \u00e9s a menek\u00fcl\u00e9si \u00fatvonalak tervez\u00e9s\u00e9nek ellen\u0151rz\u00e9s\u00e9re az \u00fczembe helyez\u00e9s el\u0151tt \u2013 \u00e9s ezek optimaliz\u00e1l\u00e1s\u00e1ra, ha a helysz\u00ednen ut\u00f3lagos fejleszt\u00e9sek sz\u00fcks\u00e9gess\u00e9ge mer\u00fclne fel.<\/p>\n\n\n\n<h2 id=\"alkalmazasi-peldak-ar-ra-gyakorlati-meglatasok\" class=\"wp-block-heading\">Alkalmaz\u00e1si p\u00e9ld\u00e1k AR-ra: Gyakorlati megl\u00e1t\u00e1sok<\/h2>\n\n\n\n<p>Az AR-technol\u00f3gia fent le\u00edrt alkalmaz\u00e1si ter\u00fcletei sok v\u00e1llalatn\u00e1l m\u00e1r nem csak elm\u00e9leti megfontol\u00e1sok. Val\u00f3j\u00e1ban m\u00e1r a <strong>mindennapi munka szerves r\u00e9sz\u00e9nek<\/strong> tekintik \u0151ket.<\/p>\n\n\n\n<h3 id=\"uj-gyartosorok-telepitese-a-toyota-motor-corporationnel\" class=\"wp-block-heading\">\u00daj gy\u00e1rt\u00f3sorok telep\u00edt\u00e9se a Toyota Motor Corporationn\u00e9l<\/h3>\n\n\n\n<p>A Toyota Motor Corporation AR-alkalmaz\u00e1sokat haszn\u00e1l az \u00faj \u00e9s megl\u00e9v\u0151 gy\u00e1rt\u00f3sorok \u00e9s gy\u00e1r\u00e9p\u00fcletek karbantart\u00e1s\u00e1nak \u00e9s telep\u00edt\u00e9s\u00e9nek egyszer\u0171s\u00edt\u00e9s\u00e9re a glob\u00e1lis telephelyein. A technol\u00f3gia t\u00f6bb szinten is seg\u00edt.<\/p>\n\n\n\n<p>Kih\u00edv\u00e1sok<\/p>\n\n\n\n<ul class=\"wp-block-list\"><li><strong>Szak\u00e9rt\u0151k jelenl\u00e9te: <\/strong>A munka ellen\u0151rz\u00e9se, a potenci\u00e1lisan vesz\u00e9lyes probl\u00e9m\u00e1k megold\u00e1sa, bonyolult munk\u00e1k elv\u00e9gz\u00e9se, p\u00e9ld\u00e1ul nagy g\u00e9pek m\u00e9r\u00e9se \u2013 sz\u00e1mos ilyen folyamat \u00e1ltal\u00e1ban szak\u00e9rt\u0151k \u00e9s\/vagy enged\u00e9llyel rendelkez\u0151 technikusok jelenl\u00e9t\u00e9t ig\u00e9nyli, akiknek kifejezetten e c\u00e9lb\u00f3l kell a nemzetk\u00f6zi helysz\u00ednekre utazniuk.<\/li><li><strong>Szigor\u00fa kommunik\u00e1ci\u00f3s ir\u00e1nyelvek:<\/strong> A bizalmas adatok kezel\u00e9s\u00e9re szigor\u00fa szab\u00e1lyok vonatkoznak a Toyota valamennyi tev\u00e9kenys\u00e9g\u00e9ben, a k\u00f6zpontokt\u00f3l a helyi kirendelts\u00e9gekig. Ez mag\u00e1ban foglalja a szoftvereket, kamer\u00e1kat \u00e9s egy\u00e9b v\u00e9gberendez\u00e9seket is, amelyek lehets\u00e9ges biztons\u00e1gi r\u00e9seket nyitnak. Ez megnehez\u00edti a t\u00e1voli helysz\u00ednek k\u00f6z\u00f6tti kommunik\u00e1ci\u00f3t.<\/li><\/ul>\n\n\n\n<p>Megold\u00e1sok<\/p>\n\n\n\n<ul class=\"wp-block-list\"><li><strong>Biztons\u00e1gos felszerel\u00e9s:<\/strong> A kommunik\u00e1ci\u00f3 \u00e9s az inform\u00e1ci\u00f3\u00e1raml\u00e1s jav\u00edt\u00e1sa \u00e9rdek\u00e9ben a Toyota biztons\u00e1gos eszk\u00f6z\u00f6kre t\u00e1maszkodik. Ezek k\u00f6z\u00e9 tartozik p\u00e9ld\u00e1ul a Vuforia Chalk (a PTC v\u00e1llalatt\u00f3l) a t\u00e1voli seg\u00edts\u00e9gny\u00fajt\u00e1shoz.<\/li><\/ul>\n\n\n\n<p>Az eszk\u00f6z sz\u00e1mos funkci\u00f3val rendelkezik, mint p\u00e9ld\u00e1ul \u00e9l\u0151 vide\u00f3 \u00e9s hang, valamint digit\u00e1lis megjegyz\u00e9sek hozz\u00e1ad\u00e1s\u00e1nak lehet\u0151s\u00e9ge a val\u00f3s idej\u0171 n\u00e9zethez. A biztons\u00e1g \u00e9rdek\u00e9ben az eszk\u00f6zt a Toyota sz\u00e1m\u00e1ra testre szabt\u00e1k, \u00e9s el\u0151re telep\u00edtett\u00e9k a v\u00e1llalatokn\u00e1l k\u00f6lcs\u00f6n\u00f6zhet\u0151 mobileszk\u00f6z\u00f6kre.<\/p>\n\n\n\n<ul class=\"wp-block-list\"><li><strong>T\u00e1voli szak\u00e9rt\u0151k AR seg\u00edts\u00e9g\u00e9vel: <\/strong>Az AR-technol\u00f3gia haszn\u00e1lata a Toyot\u00e1n\u00e1l klasszikus p\u00e9ld\u00e1ja annak, hogyan lehet egy adott probl\u00e9m\u00e1ra vonatkoz\u00f3 szak\u00e9rt\u0151i tud\u00e1st nagy t\u00e1vols\u00e1gokra is el\u00e9rhet\u0151v\u00e9 tenni. \u00cdgy a telep\u00edt\u00e9s \u00e9s karbantart\u00e1s sor\u00e1n v\u00e9gzett \u00f6sszes munkafolyamat k\u00f6zvetlen\u00fcl k\u00eds\u00e9rhet\u0151 t\u00e1volr\u00f3l mobiltelefonon vagy t\u00e1blag\u00e9pen kereszt\u00fcl. A helysz\u00ednen l\u00e9v\u0151 technikus pontos utas\u00edt\u00e1sokkal van ell\u00e1tva.<\/li><\/ul>\n\n\n\n<p>Nemcsak az utaz\u00e1sok sz\u00e1m\u00e1t cs\u00f6kkenti, hanem azt az id\u0151t is, amely egy\u00e9bk\u00e9nt a g\u00e9pi m\u00e9r\u00e9sekhez sz\u00fcks\u00e9ges lenne. Ezenfel\u00fcl ezzel az elj\u00e1r\u00e1ssal elker\u00fclhet\u0151k a v\u00e9grehajt\u00e1si hib\u00e1k.<\/p>\n\n\n\n<figure class=\"wp-block-embed is-type-video is-provider-youtube wp-block-embed-youtube wp-embed-aspect-16-9 wp-has-aspect-ratio\"><div class=\"wp-block-embed__wrapper\">\n<iframe loading=\"lazy\" title=\"Toyota manufacturing uses Dynamics 365 mixed reality to boost operational efficiency &amp; scalability\" width=\"1200\" height=\"675\" src=\"https:\/\/www.youtube.com\/embed\/00gPg4-sBc8?feature=oembed\" frameborder=\"0\" allow=\"accelerometer; autoplay; clipboard-write; encrypted-media; gyroscope; picture-in-picture\" allowfullscreen><\/iframe>\n<\/div><\/figure>\n\n\n\n<h3 id=\"kiterjesztett-valosag-kepzesi-celokra-a-bmw-csoportnal\" class=\"wp-block-heading\">Kiterjesztett val\u00f3s\u00e1g k\u00e9pz\u00e9si c\u00e9lokra a BMW Csoportn\u00e1l<\/h3>\n\n\n\n<p>A TUM tanulm\u00e1ny\u00e1nak az AR hasznos alkalmaz\u00e1s\u00e1r\u00f3l sz\u00f3l\u00f3 eredm\u00e9nyeivel ellent\u00e9tben a BMW Csoport tal\u00e1lt egy olyan megk\u00f6zel\u00edt\u00e9st, amely a technol\u00f3gia alkalmazottainak k\u00e9pz\u00e9s\u00e9re haszn\u00e1lja a technol\u00f3gi\u00e1t. Val\u00f3j\u00e1ban a logisztikai \u00e9s min\u0151s\u00e9gbiztos\u00edt\u00e1si (p\u00e9ld\u00e1ul a fest\u0151m\u0171helyben v\u00e9gzett) komissi\u00f3z\u00e1si m\u0171veletek koordin\u00e1l\u00e1sa mellett ez az AR-alkalmaz\u00e1sok legfontosabb felhaszn\u00e1l\u00e1si ter\u00fclete.<\/p>\n\n\n\n<p>Az \u00fczemi k\u00f6rnyezetbe helyezett vide\u00f3k \u00e9s utas\u00edt\u00e1sok seg\u00edts\u00e9g\u00e9vel sz\u00e1mos \u00f6sszeszerel\u00e9si l\u00e9p\u00e9st kell bemutatni. A vide\u00f3k az adott munkav\u00e1llal\u00f3hoz igaz\u00edthat\u00f3k, \u00e9s tetsz\u00e9s szerint el\u0151re- \u00e9s visszatekerhet\u0151k.<\/p>\n\n\n\n<p>A gyakorlatokat egy oktat\u00f3 k\u00eds\u00e9ri \u00e9l\u0151ben. Olyan konkr\u00e9t k\u00e9rd\u00e9sekre tudnak v\u00e1laszolni, amelyek t\u00falmutatnak a vide\u00f3n \u00e9s az oktat\u00e1si tartalmon. Az AR-technol\u00f3gia lehet\u0151v\u00e9 teszi, hogy egyszerre t\u00f6bb alkalmazottat k\u00e9pezzenek ki.<\/p>\n\n\n\n<p>A v\u00e1llalat szerint a k\u00e9pz\u00e9si aj\u00e1nlatot j\u00f3l fogadj\u00e1k. \u00d6sszess\u00e9g\u00e9ben a k\u00e9pz\u00e9si vide\u00f3k biztos\u00edtj\u00e1k a k\u00edv\u00e1nt tanul\u00e1si c\u00e9lok gyorsabb el\u00e9r\u00e9s\u00e9t. Az \u00f6sszeszerel\u00e9s eset\u00e9ben az \u00e9rt\u00e9kel\u00e9s elt\u00e9r\u0151: Itt a BMW Csoport nem l\u00e1t hozz\u00e1adott \u00e9rt\u00e9ket az AR-alkalmaz\u00e1sokban, b\u00e1r k\u00e9ts\u00e9gtelen\u00fcl vannak alkalmaz\u00e1si lehet\u0151s\u00e9gek. A hangs\u00faly azonban ezen a ter\u00fcleten is a lean folyamatokra helyez\u0151dik.<\/p>\n\n\n\n<figure class=\"wp-block-embed is-type-video is-provider-youtube wp-block-embed-youtube wp-embed-aspect-16-9 wp-has-aspect-ratio\"><div class=\"wp-block-embed__wrapper\">\n<iframe loading=\"lazy\" title=\"Augmented reality training for BMW assembly line workers\" width=\"1200\" height=\"675\" src=\"https:\/\/www.youtube.com\/embed\/V0WrCf8PbEk?feature=oembed\" frameborder=\"0\" allow=\"accelerometer; autoplay; clipboard-write; encrypted-media; gyroscope; picture-in-picture\" allowfullscreen><\/iframe>\n<\/div><\/figure>\n\n\n\n<h3 id=\"hololens-kiserleti-projekt-a-skodanal\" class=\"wp-block-heading\">HoloLens k\u00eds\u00e9rleti projekt a Skod\u00e1n\u00e1l<\/h3>\n\n\n\n<p>A Skod\u00e1n\u00e1l 2021-ben indult egy k\u00eds\u00e9rleti projekt, amelynek c\u00e9lja az AR-szem\u00fcvegek k\u00fcl\u00f6nb\u00f6z\u0151 felhaszn\u00e1l\u00e1si lehet\u0151s\u00e9geinek tesztel\u00e9se. Az alkalmaz\u00e1si ter\u00fcletek t\u00f6bbek k\u00f6z\u00f6tt a k\u00f6vetkez\u0151k:<\/p>\n\n\n\n<ul class=\"wp-block-list\"><li>a <strong>karbantart\u00e1s<\/strong> optimaliz\u00e1l\u00e1sa a k\u00e9zik\u00f6nyvek, karbantart\u00e1si ellen\u0151rz\u0151 list\u00e1k \u00e9s hasonl\u00f3 dokumentumok azonnali kivet\u00edt\u00e9se r\u00e9v\u00e9n, mik\u00f6zben a technikusok keze szabadon marad;<\/li><li><strong>K\u00e9pz\u00e9sek<\/strong>, amelyek kieg\u00e9sz\u00edthet\u0151k p\u00e9ld\u00e1ul p\u00e1rhuzamos videokonferenci\u00e1kkal.<\/li><\/ul>\n\n\n\n<p>Az AR-projekt c\u00e9ljai is elt\u00e9r\u0151ek. Ezek a nagyobb munkabiztons\u00e1gt\u00f3l (p\u00e9ld\u00e1ul az alacsonyabb hibaar\u00e1ny r\u00e9v\u00e9n) az oszt\u00e1lyok \u00e9s helysz\u00ednek k\u00f6z\u00f6tti jobb kommunik\u00e1ci\u00f3n \u00e1t a r\u00f6videbb karbantart\u00e1si folyamatokig terjednek.<\/p>\n\n\n\n<p>A \u201ej\u00e1t\u00e9kos\u201d elemeknek \u00f6szt\u00f6nz\u0151k\u00e9nt is kell szolg\u00e1lniuk a fiatalabb munkav\u00e1llal\u00f3k sz\u00e1m\u00e1ra, \u00e9s meg kell k\u00f6nny\u00edteni\u00fck a m\u0171szaki szakm\u00e1khoz val\u00f3 hozz\u00e1f\u00e9r\u00e9st.<\/p>\n\n\n\n<figure class=\"wp-block-embed is-type-video is-provider-youtube wp-block-embed-youtube wp-embed-aspect-16-9 wp-has-aspect-ratio\"><div class=\"wp-block-embed__wrapper\">\n<iframe loading=\"lazy\" title=\"The Future of Training: Hololens Maintenance Pilot for \u0160KODA AUTO\" width=\"1200\" height=\"675\" src=\"https:\/\/www.youtube.com\/embed\/PzY7KcDkzKg?feature=oembed\" frameborder=\"0\" allow=\"accelerometer; autoplay; clipboard-write; encrypted-media; gyroscope; picture-in-picture\" allowfullscreen><\/iframe>\n<\/div><\/figure>\n\n\n\n<h3 id=\"ar-alkalmazasa-a-volvo-csoportnal-a-munkavallalok-megtartasaert\" class=\"wp-block-heading\">AR alkalmaz\u00e1sa a Volvo Csoportn\u00e1l a munkav\u00e1llal\u00f3k megtart\u00e1s\u00e1\u00e9rt<\/h3>\n\n\n\n<p>A Toyota Motor Corporationh\u00f6z hasonl\u00f3an a Volvo Csoport is a PTC Vuforia eszk\u00f6z\u00e9re t\u00e1maszkodik AR-alkalmaz\u00e1saihoz. A technol\u00f3gi\u00e1t a v\u00e1llalat k\u00fcl\u00f6nb\u00f6z\u0151 ter\u00fcletein haszn\u00e1lj\u00e1k. Az egyik fontos c\u00e9l, hogy a Volv\u00f3t vonz\u00f3, innovat\u00edv munk\u00e1ltat\u00f3k\u00e9nt poz\u00edcion\u00e1lj\u00e1k.<\/p>\n\n\n\n<p>A kiterjesztett val\u00f3s\u00e1g ebben nagy szerepet j\u00e1tszik, mert a v\u00e1llalat szerint k\u00fcl\u00f6nb\u00f6z\u0151 munkav\u00e1llal\u00f3i \u00e9s p\u00e1ly\u00e1z\u00f3i csoportokat tud megsz\u00f3l\u00edtani:<\/p>\n\n\n\n<ul class=\"wp-block-list\"><li>A <strong>megl\u00e9v\u0151 alkalmazottak<\/strong> akt\u00edvan r\u00e9szt vesznek az \u00faj folyamatokban, \u00e9s \u00edgy hozz\u00e1j\u00e1rulnak a <strong>tud\u00e1s\u00e1tad\u00e1shoz<\/strong>. Ez k\u00fcl\u00f6n\u00f6sen a motorok min\u0151s\u00e9gellen\u0151rz\u00e9se \u00e9s min\u0151s\u00e9gbiztos\u00edt\u00e1sa ter\u00e9n teszi lehet\u0151v\u00e9, hogy a r\u00e9g\u00f3ta dolgoz\u00f3 szakemberek know-how-j\u00e1t \u00f6sszegy\u0171jts\u00e9k, \u00e9s azt korszer\u0171 m\u00f3don k\u00e9sz\u00edts\u00e9k el\u0151 a fiatalabb munkat\u00e1rsak sz\u00e1m\u00e1ra.<\/li><li>Az AR-technol\u00f3gi\u00e1k \u00e1ltal\u00e1ban nagy \u00e9rdekl\u0151d\u00e9sre tartanak sz\u00e1mot a <strong>p\u00e1ly\u00e1z\u00f3k<\/strong> k\u00f6r\u00e9ben. A megfelel\u0151 eszk\u00f6z\u00f6k haszn\u00e1lat\u00e1val a Volvo Csoport k\u00e9tf\u00e9le el\u0151nyre is szert tesz.<\/li><\/ul>\n\n\n\n<p>Egyr\u00e9szt er\u0151s\u00edtik a m\u00e1rk\u00e1t, mint modern technol\u00f3giai v\u00e1llalatot, \u00e9s ez\u00e1ltal a munk\u00e1ltat\u00f3i vonzer\u0151t. M\u00e1sr\u00e9szt az AR-alkalmaz\u00e1sok jelent\u0151sen megk\u00f6nny\u00edtik \u00e9s ler\u00f6vid\u00edtik az \u00faj alkalmazottak sz\u00fcks\u00e9ges k\u00e9pz\u00e9s\u00e9t.<\/p>\n\n\n\n<p>\u00d6sszess\u00e9g\u00e9ben a kiterjesztett val\u00f3s\u00e1g c\u00e9lja, hogy cs\u00f6kkentse a munkav\u00e1llal\u00f3k kognit\u00edv terhel\u00e9s\u00e9t, ugyanakkor el\u0151seg\u00edtse a tanul\u00e1si k\u00e9pess\u00e9get. Az AR technol\u00f3gi\u00e1kat ez\u00e9rt egyre ink\u00e1bb olyan ter\u00fcleteken alkalmazz\u00e1k, amelyek nem automatiz\u00e1lhat\u00f3k, \u00e9s emberi k\u00e9pess\u00e9gekre \u00e9s elemz\u00e9sekre t\u00e1maszkodnak.<\/p>\n\n\n\n<figure class=\"wp-block-embed is-type-video is-provider-youtube wp-block-embed-youtube wp-embed-aspect-16-9 wp-has-aspect-ratio\"><div class=\"wp-block-embed__wrapper\">\n<iframe loading=\"lazy\" title=\"Volvo Trucks | Augmented Reality (AR)\" width=\"1200\" height=\"675\" src=\"https:\/\/www.youtube.com\/embed\/HG57vaqr8_k?feature=oembed\" frameborder=\"0\" allow=\"accelerometer; autoplay; clipboard-write; encrypted-media; gyroscope; picture-in-picture\" allowfullscreen><\/iframe>\n<\/div><\/figure>\n\n\n\n<h2 id=\"sokoldalu-eszkoztar-a-gyartashoz\" class=\"wp-block-heading\">Sokoldal\u00fa eszk\u00f6zt\u00e1r a gy\u00e1rt\u00e1shoz<\/h2>\n\n\n\n<p>Az AR technol\u00f3gi\u00e1kat sz\u00e1mos \u00fczleti \u00e9s termel\u00e9si ter\u00fcleten haszn\u00e1lj\u00e1k. A min\u0151s\u00e9g-, k\u00f6lts\u00e9g- \u00e9s id\u0151beli javul\u00e1s el\u00e9r\u00e9s\u00e9nek t\u00e1mogat\u00e1s\u00e1ra szolg\u00e1lnak.<\/p>\n\n\n\n<p>Ehhez azonban az alkalmaz\u00e1sokat a k\u00fcl\u00f6nb\u00f6z\u0151 ter\u00fcletek k\u00f6vetelm\u00e9nyeihez kell igaz\u00edtani. Ugyanakkor meg kell jegyezni, hogy a kiterjesztett val\u00f3s\u00e1g nem k\u00e9pes minden gy\u00e1rt\u00e1si folyamat eset\u00e9ben a k\u00edv\u00e1nt optimaliz\u00e1l\u00e1st biztos\u00edtani.<\/p>\n\n\n\n<p>Mindazon\u00e1ltal az esettanulm\u00e1nyok az AR-alkalmaz\u00e1sok erej\u00e9t mutatj\u00e1k, k\u00fcl\u00f6n\u00f6sen a karbantart\u00e1s, a szervizel\u00e9s, az \u00f6sszeszerel\u00e9s, a min\u0151s\u00e9gellen\u0151rz\u00e9s \u00e9s a k\u00e9pz\u00e9s ter\u00e9n. Emellett olyan \u00e1tfog\u00f3 el\u0151ny\u00f6kkel is j\u00e1r, mint p\u00e9ld\u00e1ul a v\u00e1llalaton bel\u00fcli, valamint az \u00fcgyfelekkel \u00e9s partnerekkel val\u00f3 kommunik\u00e1ci\u00f3 jav\u00edt\u00e1sa vil\u00e1gszerte, a nap 24 \u00f3r\u00e1j\u00e1ban, megszak\u00edt\u00e1s n\u00e9lk\u00fcl. Ebben a tekintetben az AR a lehets\u00e9ges alkalmaz\u00e1sok sz\u00e9les sk\u00e1l\u00e1j\u00e1t k\u00edn\u00e1lja, ami hozz\u00e1adott \u00e9rt\u00e9ket jelent az ipari termel\u00e9s sz\u00e1m\u00e1ra.<\/p>\n","protected":false},"excerpt":{"rendered":"Az egyre ink\u00e1bb \u00f6sszekapcsolt ipar\u00e1gban sz\u00e1mos folyamat virtu\u00e1lisan lek\u00e9pezhet\u0151. A \u201evegyes val\u00f3s\u00e1g\u201d az ipari gy\u00e1rt\u00e1s minden ter\u00fclete sz\u00e1m\u00e1ra&hellip;\n","protected":false},"author":20,"featured_media":30124,"comment_status":"closed","ping_status":"closed","sticky":false,"template":"","format":"standard","meta":{"csco_singular_sidebar":"","csco_page_header_type":"","csco_appearance_grid":"","csco_page_load_nextpost":"","csco_post_video_location":[],"csco_post_video_location_hash":"","csco_post_video_url":"","csco_post_video_bg_start_time":0,"csco_post_video_bg_end_time":0,"_jetpack_memberships_contains_paid_content":false,"footnotes":""},"categories":[1085,888,894],"tags":[1257],"coauthors":[],"class_list":{"0":"post-33211","1":"post","2":"type-post","3":"status-publish","4":"format-standard","5":"has-post-thumbnail","7":"category-a-dolgok-internete-iot","8":"category-it-es-digitalis-vilag","9":"category-szallitas","10":"tag-automatizalas","11":"cs-entry","12":"cs-video-wrap"},"yoast_head":"<!-- This site is optimized with the Yoast SEO plugin v24.4 - https:\/\/yoast.com\/wordpress\/plugins\/seo\/ -->\n<title>Kiterjesztett val\u00f3s\u00e1g az ipar 4.0-ban - KnowHow<\/title>\n<meta name=\"robots\" content=\"index, follow, max-snippet:-1, max-image-preview:large, max-video-preview:-1\" \/>\n<link rel=\"canonical\" href=\"https:\/\/knowhow.distrelec.com\/hu\/it-es-digitalis-vilag\/kiterjesztett-valosag-az-ipar-4-0-ban\/\" \/>\n<meta property=\"og:locale\" content=\"hu_HU\" \/>\n<meta property=\"og:type\" content=\"article\" \/>\n<meta property=\"og:title\" content=\"Kiterjesztett val\u00f3s\u00e1g az ipar 4.0-ban - KnowHow\" \/>\n<meta property=\"og:description\" content=\"Az egyre ink\u00e1bb \u00f6sszekapcsolt ipar\u00e1gban sz\u00e1mos folyamat virtu\u00e1lisan lek\u00e9pezhet\u0151. A \u201evegyes val\u00f3s\u00e1g\u201d az ipari gy\u00e1rt\u00e1s minden ter\u00fclete sz\u00e1m\u00e1ra&hellip;\" \/>\n<meta property=\"og:url\" content=\"https:\/\/knowhow.distrelec.com\/hu\/it-es-digitalis-vilag\/kiterjesztett-valosag-az-ipar-4-0-ban\/\" \/>\n<meta property=\"og:site_name\" content=\"KnowHow\" \/>\n<meta property=\"article:published_time\" content=\"2022-05-15T08:31:00+00:00\" \/>\n<meta property=\"article:modified_time\" content=\"2022-06-22T10:47:33+00:00\" \/>\n<meta property=\"og:image\" content=\"https:\/\/knowhow.distrelec.com\/wp-content\/uploads\/2022\/05\/AR-Industry-4.0.jpg\" \/>\n\t<meta property=\"og:image:width\" content=\"2000\" \/>\n\t<meta property=\"og:image:height\" content=\"800\" \/>\n\t<meta property=\"og:image:type\" content=\"image\/jpeg\" \/>\n<meta name=\"author\" content=\"Adam Jeffery\" \/>\n<meta name=\"twitter:card\" content=\"summary_large_image\" \/>\n<meta name=\"twitter:label1\" content=\"Szerz\u0151:\" \/>\n\t<meta name=\"twitter:data1\" content=\"Adam Jeffery\" \/>\n\t<meta name=\"twitter:label2\" content=\"Becs\u00fclt olvas\u00e1si id\u0151\" \/>\n\t<meta name=\"twitter:data2\" content=\"12 perc\" \/>\n\t<meta name=\"twitter:label3\" content=\"Written by\" \/>\n\t<meta name=\"twitter:data3\" content=\"Adam Jeffery\" \/>\n<script type=\"application\/ld+json\" class=\"yoast-schema-graph\">{\"@context\":\"https:\/\/schema.org\",\"@graph\":[{\"@type\":\"Article\",\"@id\":\"https:\/\/knowhow.distrelec.com\/hu\/it-es-digitalis-vilag\/kiterjesztett-valosag-az-ipar-4-0-ban\/#article\",\"isPartOf\":{\"@id\":\"https:\/\/knowhow.distrelec.com\/hu\/it-es-digitalis-vilag\/kiterjesztett-valosag-az-ipar-4-0-ban\/\"},\"author\":{\"name\":\"Adam Jeffery\",\"@id\":\"https:\/\/knowhow.distrelec.com\/hu\/#\/schema\/person\/f1ffd06a060e93941ce344f4f34c284e\"},\"headline\":\"Kiterjesztett val\u00f3s\u00e1g az ipar 4.0-ban\",\"datePublished\":\"2022-05-15T08:31:00+00:00\",\"dateModified\":\"2022-06-22T10:47:33+00:00\",\"mainEntityOfPage\":{\"@id\":\"https:\/\/knowhow.distrelec.com\/hu\/it-es-digitalis-vilag\/kiterjesztett-valosag-az-ipar-4-0-ban\/\"},\"wordCount\":4436,\"publisher\":{\"@id\":\"https:\/\/knowhow.distrelec.com\/hu\/#organization\"},\"image\":{\"@id\":\"https:\/\/knowhow.distrelec.com\/hu\/it-es-digitalis-vilag\/kiterjesztett-valosag-az-ipar-4-0-ban\/#primaryimage\"},\"thumbnailUrl\":\"https:\/\/knowhow.distrelec.com\/wp-content\/uploads\/2022\/05\/AR-Industry-4.0.jpg\",\"keywords\":[\"Automatiz\u00e1l\u00e1s\"],\"articleSection\":[\"A dolgok internete (IoT)\",\"IT \u00e9s digit\u00e1lis vil\u00e1g\",\"Sz\u00e1ll\u00edt\u00e1s\"],\"inLanguage\":\"hu\"},{\"@type\":\"WebPage\",\"@id\":\"https:\/\/knowhow.distrelec.com\/hu\/it-es-digitalis-vilag\/kiterjesztett-valosag-az-ipar-4-0-ban\/\",\"url\":\"https:\/\/knowhow.distrelec.com\/hu\/it-es-digitalis-vilag\/kiterjesztett-valosag-az-ipar-4-0-ban\/\",\"name\":\"Kiterjesztett val\u00f3s\u00e1g az ipar 4.0-ban - KnowHow\",\"isPartOf\":{\"@id\":\"https:\/\/knowhow.distrelec.com\/hu\/#website\"},\"primaryImageOfPage\":{\"@id\":\"https:\/\/knowhow.distrelec.com\/hu\/it-es-digitalis-vilag\/kiterjesztett-valosag-az-ipar-4-0-ban\/#primaryimage\"},\"image\":{\"@id\":\"https:\/\/knowhow.distrelec.com\/hu\/it-es-digitalis-vilag\/kiterjesztett-valosag-az-ipar-4-0-ban\/#primaryimage\"},\"thumbnailUrl\":\"https:\/\/knowhow.distrelec.com\/wp-content\/uploads\/2022\/05\/AR-Industry-4.0.jpg\",\"datePublished\":\"2022-05-15T08:31:00+00:00\",\"dateModified\":\"2022-06-22T10:47:33+00:00\",\"breadcrumb\":{\"@id\":\"https:\/\/knowhow.distrelec.com\/hu\/it-es-digitalis-vilag\/kiterjesztett-valosag-az-ipar-4-0-ban\/#breadcrumb\"},\"inLanguage\":\"hu\",\"potentialAction\":[{\"@type\":\"ReadAction\",\"target\":[\"https:\/\/knowhow.distrelec.com\/hu\/it-es-digitalis-vilag\/kiterjesztett-valosag-az-ipar-4-0-ban\/\"]}]},{\"@type\":\"ImageObject\",\"inLanguage\":\"hu\",\"@id\":\"https:\/\/knowhow.distrelec.com\/hu\/it-es-digitalis-vilag\/kiterjesztett-valosag-az-ipar-4-0-ban\/#primaryimage\",\"url\":\"https:\/\/knowhow.distrelec.com\/wp-content\/uploads\/2022\/05\/AR-Industry-4.0.jpg\",\"contentUrl\":\"https:\/\/knowhow.distrelec.com\/wp-content\/uploads\/2022\/05\/AR-Industry-4.0.jpg\",\"width\":2000,\"height\":800},{\"@type\":\"BreadcrumbList\",\"@id\":\"https:\/\/knowhow.distrelec.com\/hu\/it-es-digitalis-vilag\/kiterjesztett-valosag-az-ipar-4-0-ban\/#breadcrumb\",\"itemListElement\":[{\"@type\":\"ListItem\",\"position\":1,\"name\":\"Kezd\u0151lap\",\"item\":\"https:\/\/knowhow.distrelec.com\/hu\/\"},{\"@type\":\"ListItem\",\"position\":2,\"name\":\"Kiterjesztett val\u00f3s\u00e1g az ipar 4.0-ban\"}]},{\"@type\":\"WebSite\",\"@id\":\"https:\/\/knowhow.distrelec.com\/hu\/#website\",\"url\":\"https:\/\/knowhow.distrelec.com\/hu\/\",\"name\":\"KnowHow\",\"description\":\"KnowHow Hub\",\"publisher\":{\"@id\":\"https:\/\/knowhow.distrelec.com\/hu\/#organization\"},\"potentialAction\":[{\"@type\":\"SearchAction\",\"target\":{\"@type\":\"EntryPoint\",\"urlTemplate\":\"https:\/\/knowhow.distrelec.com\/hu\/?s={search_term_string}\"},\"query-input\":{\"@type\":\"PropertyValueSpecification\",\"valueRequired\":true,\"valueName\":\"search_term_string\"}}],\"inLanguage\":\"hu\"},{\"@type\":\"Organization\",\"@id\":\"https:\/\/knowhow.distrelec.com\/hu\/#organization\",\"name\":\"Distrelec\",\"url\":\"https:\/\/knowhow.distrelec.com\/hu\/\",\"logo\":{\"@type\":\"ImageObject\",\"inLanguage\":\"hu\",\"@id\":\"https:\/\/knowhow.distrelec.com\/hu\/#\/schema\/logo\/image\/\",\"url\":\"https:\/\/knowhow.distrelec.com\/wp-content\/uploads\/2021\/09\/distrelec_logo.png\",\"contentUrl\":\"https:\/\/knowhow.distrelec.com\/wp-content\/uploads\/2021\/09\/distrelec_logo.png\",\"width\":530,\"height\":98,\"caption\":\"Distrelec\"},\"image\":{\"@id\":\"https:\/\/knowhow.distrelec.com\/hu\/#\/schema\/logo\/image\/\"}},{\"@type\":\"Person\",\"@id\":\"https:\/\/knowhow.distrelec.com\/hu\/#\/schema\/person\/f1ffd06a060e93941ce344f4f34c284e\",\"name\":\"Adam Jeffery\",\"image\":{\"@type\":\"ImageObject\",\"inLanguage\":\"hu\",\"@id\":\"https:\/\/knowhow.distrelec.com\/hu\/#\/schema\/person\/image\/0ba7f2eef4c6181d4a2e20f83e383b02\",\"url\":\"https:\/\/knowhow.distrelec.com\/wp-content\/uploads\/2021\/06\/Adamshot-96x96.jpg\",\"contentUrl\":\"https:\/\/knowhow.distrelec.com\/wp-content\/uploads\/2021\/06\/Adamshot-96x96.jpg\",\"caption\":\"Adam Jeffery\"},\"description\":\"Adam Jeffery is a Senior Product Manager for Power Supplies and Semiconductors at Distrelec. Adam has over 10 years\u2019 industry experience and is dedicated to connecting engineers and professionals with the most innovative products available on the market. Passionate about technological progress, Adam helps customers enhance their applications by offering high-quality, cutting-edge components and power supplies from market leading brands.\",\"sameAs\":[\"http:\/\/www.distrelec.com\",\"https:\/\/uk.linkedin.com\/in\/adam-jeffery-b6510577\"],\"url\":\"https:\/\/knowhow.distrelec.com\/hu\/author\/adam-jeffery\/\"}]}<\/script>\n<!-- \/ Yoast SEO plugin. -->","yoast_head_json":{"title":"Kiterjesztett val\u00f3s\u00e1g az ipar 4.0-ban - KnowHow","robots":{"index":"index","follow":"follow","max-snippet":"max-snippet:-1","max-image-preview":"max-image-preview:large","max-video-preview":"max-video-preview:-1"},"canonical":"https:\/\/knowhow.distrelec.com\/hu\/it-es-digitalis-vilag\/kiterjesztett-valosag-az-ipar-4-0-ban\/","og_locale":"hu_HU","og_type":"article","og_title":"Kiterjesztett val\u00f3s\u00e1g az ipar 4.0-ban - KnowHow","og_description":"Az egyre ink\u00e1bb \u00f6sszekapcsolt ipar\u00e1gban sz\u00e1mos folyamat virtu\u00e1lisan lek\u00e9pezhet\u0151. A \u201evegyes val\u00f3s\u00e1g\u201d az ipari gy\u00e1rt\u00e1s minden ter\u00fclete sz\u00e1m\u00e1ra&hellip;","og_url":"https:\/\/knowhow.distrelec.com\/hu\/it-es-digitalis-vilag\/kiterjesztett-valosag-az-ipar-4-0-ban\/","og_site_name":"KnowHow","article_published_time":"2022-05-15T08:31:00+00:00","article_modified_time":"2022-06-22T10:47:33+00:00","og_image":[{"width":2000,"height":800,"url":"https:\/\/knowhow.distrelec.com\/wp-content\/uploads\/2022\/05\/AR-Industry-4.0.jpg","type":"image\/jpeg"}],"author":"Adam Jeffery","twitter_card":"summary_large_image","twitter_misc":{"Szerz\u0151:":"Adam Jeffery","Becs\u00fclt olvas\u00e1si id\u0151":"12 perc","Written by":"Adam Jeffery"},"schema":{"@context":"https:\/\/schema.org","@graph":[{"@type":"Article","@id":"https:\/\/knowhow.distrelec.com\/hu\/it-es-digitalis-vilag\/kiterjesztett-valosag-az-ipar-4-0-ban\/#article","isPartOf":{"@id":"https:\/\/knowhow.distrelec.com\/hu\/it-es-digitalis-vilag\/kiterjesztett-valosag-az-ipar-4-0-ban\/"},"author":{"name":"Adam Jeffery","@id":"https:\/\/knowhow.distrelec.com\/hu\/#\/schema\/person\/f1ffd06a060e93941ce344f4f34c284e"},"headline":"Kiterjesztett val\u00f3s\u00e1g az ipar 4.0-ban","datePublished":"2022-05-15T08:31:00+00:00","dateModified":"2022-06-22T10:47:33+00:00","mainEntityOfPage":{"@id":"https:\/\/knowhow.distrelec.com\/hu\/it-es-digitalis-vilag\/kiterjesztett-valosag-az-ipar-4-0-ban\/"},"wordCount":4436,"publisher":{"@id":"https:\/\/knowhow.distrelec.com\/hu\/#organization"},"image":{"@id":"https:\/\/knowhow.distrelec.com\/hu\/it-es-digitalis-vilag\/kiterjesztett-valosag-az-ipar-4-0-ban\/#primaryimage"},"thumbnailUrl":"https:\/\/knowhow.distrelec.com\/wp-content\/uploads\/2022\/05\/AR-Industry-4.0.jpg","keywords":["Automatiz\u00e1l\u00e1s"],"articleSection":["A dolgok internete (IoT)","IT \u00e9s digit\u00e1lis vil\u00e1g","Sz\u00e1ll\u00edt\u00e1s"],"inLanguage":"hu"},{"@type":"WebPage","@id":"https:\/\/knowhow.distrelec.com\/hu\/it-es-digitalis-vilag\/kiterjesztett-valosag-az-ipar-4-0-ban\/","url":"https:\/\/knowhow.distrelec.com\/hu\/it-es-digitalis-vilag\/kiterjesztett-valosag-az-ipar-4-0-ban\/","name":"Kiterjesztett val\u00f3s\u00e1g az ipar 4.0-ban - KnowHow","isPartOf":{"@id":"https:\/\/knowhow.distrelec.com\/hu\/#website"},"primaryImageOfPage":{"@id":"https:\/\/knowhow.distrelec.com\/hu\/it-es-digitalis-vilag\/kiterjesztett-valosag-az-ipar-4-0-ban\/#primaryimage"},"image":{"@id":"https:\/\/knowhow.distrelec.com\/hu\/it-es-digitalis-vilag\/kiterjesztett-valosag-az-ipar-4-0-ban\/#primaryimage"},"thumbnailUrl":"https:\/\/knowhow.distrelec.com\/wp-content\/uploads\/2022\/05\/AR-Industry-4.0.jpg","datePublished":"2022-05-15T08:31:00+00:00","dateModified":"2022-06-22T10:47:33+00:00","breadcrumb":{"@id":"https:\/\/knowhow.distrelec.com\/hu\/it-es-digitalis-vilag\/kiterjesztett-valosag-az-ipar-4-0-ban\/#breadcrumb"},"inLanguage":"hu","potentialAction":[{"@type":"ReadAction","target":["https:\/\/knowhow.distrelec.com\/hu\/it-es-digitalis-vilag\/kiterjesztett-valosag-az-ipar-4-0-ban\/"]}]},{"@type":"ImageObject","inLanguage":"hu","@id":"https:\/\/knowhow.distrelec.com\/hu\/it-es-digitalis-vilag\/kiterjesztett-valosag-az-ipar-4-0-ban\/#primaryimage","url":"https:\/\/knowhow.distrelec.com\/wp-content\/uploads\/2022\/05\/AR-Industry-4.0.jpg","contentUrl":"https:\/\/knowhow.distrelec.com\/wp-content\/uploads\/2022\/05\/AR-Industry-4.0.jpg","width":2000,"height":800},{"@type":"BreadcrumbList","@id":"https:\/\/knowhow.distrelec.com\/hu\/it-es-digitalis-vilag\/kiterjesztett-valosag-az-ipar-4-0-ban\/#breadcrumb","itemListElement":[{"@type":"ListItem","position":1,"name":"Kezd\u0151lap","item":"https:\/\/knowhow.distrelec.com\/hu\/"},{"@type":"ListItem","position":2,"name":"Kiterjesztett val\u00f3s\u00e1g az ipar 4.0-ban"}]},{"@type":"WebSite","@id":"https:\/\/knowhow.distrelec.com\/hu\/#website","url":"https:\/\/knowhow.distrelec.com\/hu\/","name":"KnowHow","description":"KnowHow Hub","publisher":{"@id":"https:\/\/knowhow.distrelec.com\/hu\/#organization"},"potentialAction":[{"@type":"SearchAction","target":{"@type":"EntryPoint","urlTemplate":"https:\/\/knowhow.distrelec.com\/hu\/?s={search_term_string}"},"query-input":{"@type":"PropertyValueSpecification","valueRequired":true,"valueName":"search_term_string"}}],"inLanguage":"hu"},{"@type":"Organization","@id":"https:\/\/knowhow.distrelec.com\/hu\/#organization","name":"Distrelec","url":"https:\/\/knowhow.distrelec.com\/hu\/","logo":{"@type":"ImageObject","inLanguage":"hu","@id":"https:\/\/knowhow.distrelec.com\/hu\/#\/schema\/logo\/image\/","url":"https:\/\/knowhow.distrelec.com\/wp-content\/uploads\/2021\/09\/distrelec_logo.png","contentUrl":"https:\/\/knowhow.distrelec.com\/wp-content\/uploads\/2021\/09\/distrelec_logo.png","width":530,"height":98,"caption":"Distrelec"},"image":{"@id":"https:\/\/knowhow.distrelec.com\/hu\/#\/schema\/logo\/image\/"}},{"@type":"Person","@id":"https:\/\/knowhow.distrelec.com\/hu\/#\/schema\/person\/f1ffd06a060e93941ce344f4f34c284e","name":"Adam Jeffery","image":{"@type":"ImageObject","inLanguage":"hu","@id":"https:\/\/knowhow.distrelec.com\/hu\/#\/schema\/person\/image\/0ba7f2eef4c6181d4a2e20f83e383b02","url":"https:\/\/knowhow.distrelec.com\/wp-content\/uploads\/2021\/06\/Adamshot-96x96.jpg","contentUrl":"https:\/\/knowhow.distrelec.com\/wp-content\/uploads\/2021\/06\/Adamshot-96x96.jpg","caption":"Adam Jeffery"},"description":"Adam Jeffery is a Senior Product Manager for Power Supplies and Semiconductors at Distrelec. Adam has over 10 years\u2019 industry experience and is dedicated to connecting engineers and professionals with the most innovative products available on the market. Passionate about technological progress, Adam helps customers enhance their applications by offering high-quality, cutting-edge components and power supplies from market leading brands.","sameAs":["http:\/\/www.distrelec.com","https:\/\/uk.linkedin.com\/in\/adam-jeffery-b6510577"],"url":"https:\/\/knowhow.distrelec.com\/hu\/author\/adam-jeffery\/"}]}},"jetpack_featured_media_url":"https:\/\/knowhow.distrelec.com\/wp-content\/uploads\/2022\/05\/AR-Industry-4.0.jpg","jetpack_sharing_enabled":true,"_links":{"self":[{"href":"https:\/\/knowhow.distrelec.com\/hu\/wp-json\/wp\/v2\/posts\/33211","targetHints":{"allow":["GET"]}}],"collection":[{"href":"https:\/\/knowhow.distrelec.com\/hu\/wp-json\/wp\/v2\/posts"}],"about":[{"href":"https:\/\/knowhow.distrelec.com\/hu\/wp-json\/wp\/v2\/types\/post"}],"author":[{"embeddable":true,"href":"https:\/\/knowhow.distrelec.com\/hu\/wp-json\/wp\/v2\/users\/20"}],"replies":[{"embeddable":true,"href":"https:\/\/knowhow.distrelec.com\/hu\/wp-json\/wp\/v2\/comments?post=33211"}],"version-history":[{"count":0,"href":"https:\/\/knowhow.distrelec.com\/hu\/wp-json\/wp\/v2\/posts\/33211\/revisions"}],"wp:featuredmedia":[{"embeddable":true,"href":"https:\/\/knowhow.distrelec.com\/hu\/wp-json\/wp\/v2\/media\/30124"}],"wp:attachment":[{"href":"https:\/\/knowhow.distrelec.com\/hu\/wp-json\/wp\/v2\/media?parent=33211"}],"wp:term":[{"taxonomy":"category","embeddable":true,"href":"https:\/\/knowhow.distrelec.com\/hu\/wp-json\/wp\/v2\/categories?post=33211"},{"taxonomy":"post_tag","embeddable":true,"href":"https:\/\/knowhow.distrelec.com\/hu\/wp-json\/wp\/v2\/tags?post=33211"},{"taxonomy":"author","embeddable":true,"href":"https:\/\/knowhow.distrelec.com\/hu\/wp-json\/wp\/v2\/coauthors?post=33211"}],"curies":[{"name":"wp","href":"https:\/\/api.w.org\/{rel}","templated":true}]}}